{"id":18361,"date":"2022-08-18T14:17:47","date_gmt":"2022-08-18T14:17:47","guid":{"rendered":"https:\/\/www.factris.com\/?p=18361"},"modified":"2024-04-16T08:09:57","modified_gmt":"2024-04-16T08:09:57","slug":"greta-baksiene-operaciju-vadove-lietuvoje","status":"publish","type":"post","link":"https:\/\/www.factris.com\/lt\/naujienos\/greta-baksiene-operaciju-vadove-lietuvoje\/","title":{"rendered":"Factris i\u0161 ar\u010diau: atvirai ir be formalum\u0173! Greta Bak\u0161ien\u0117"},"content":{"rendered":"<p>[et_pb_section fb_built=&#8221;1&#8243; _builder_version=&#8221;4.16&#8243; _module_preset=&#8221;default&#8221; custom_padding=&#8221;21px|||||&#8221; global_colors_info=&#8221;{}&#8221;][et_pb_row _builder_version=&#8221;4.16&#8243; _module_preset=&#8221;default&#8221; max_width=&#8221;700px&#8221; custom_padding=&#8221;2px||4px|||&#8221; global_colors_info=&#8221;{}&#8221;][et_pb_column type=&#8221;4_4&#8243; _builder_version=&#8221;4.16&#8243; _module_preset=&#8221;default&#8221; global_colors_info=&#8221;{}&#8221;][et_pb_button button_url=&#8221;\/lt\/naujienos\/&#8221; button_text=&#8221; Gr\u012f\u017eti \u012f naujien\u0173 puslap\u012f&#8221; module_class=&#8221;btn-back&#8221; _builder_version=&#8221;4.16&#8243; _module_preset=&#8221;default&#8221; custom_button=&#8221;on&#8221; button_text_color=&#8221;#001194&#8243; button_bg_color=&#8221;rgba(0,0,0,0)&#8221; button_font=&#8221;||||on||||&#8221; button_icon=&#8221;&#x23;||divi||400&#8243; button_icon_placement=&#8221;left&#8221; button_on_hover=&#8221;off&#8221; global_colors_info=&#8221;{}&#8221; button_text_color__hover_enabled=&#8221;off|hover&#8221; custom_padding__hover_enabled=&#8221;off|desktop&#8221; custom_padding__hover=&#8221;|||59px|false|false&#8221;][\/et_pb_button][\/et_pb_column][\/et_pb_row][et_pb_row _builder_version=&#8221;4.16&#8243; _module_preset=&#8221;default&#8221; max_width=&#8221;700px&#8221; global_colors_info=&#8221;{}&#8221;][et_pb_column type=&#8221;4_4&#8243; _builder_version=&#8221;4.16&#8243; _module_preset=&#8221;default&#8221; global_colors_info=&#8221;{}&#8221;][et_pb_text _builder_version=&#8221;4.24.0&#8243; _module_preset=&#8221;default&#8221; header_line_height=&#8221;1.4em&#8221; header_2_font=&#8221;|700|||||||&#8221; header_2_text_color=&#8221;#000a54&#8243; header_2_line_height=&#8221;1.3em&#8221; header_3_font=&#8221;|700|||||||&#8221; header_3_text_color=&#8221;#000a54&#8243; header_3_font_size=&#8221;25px&#8221; header_3_line_height=&#8221;35px&#8221; header_4_font=&#8221;|700|||||||&#8221; header_4_text_color=&#8221;#000a54&#8243; header_4_font_size=&#8221;21px&#8221; header_4_line_height=&#8221;29px&#8221; hover_enabled=&#8221;0&#8243; global_colors_info=&#8221;{}&#8221; header_2_font_size=&#8221;27px&#8221; sticky_enabled=&#8221;0&#8243;]<\/p>\n<h2>Greta Bak\u0161ien\u0117, Lietuvos operacij\u0173 skyriaus vadov\u0117: \u201eIr kalnuose, ir darbe tenka leistis \u012f sl\u0117nius, kad v\u0117l kiltum \u012f vir\u0161\u016bn\u0119\u201c.<\/h2>\n<p>\u201eEsu viena i\u0161 pirm\u0173j\u0173 trij\u0173 darbuotoj\u0173 bendrov\u0117je, kuri, kai \u012fsidarbinau 2016 m., dar vadinosi \u201eDebifo\u201c, \u2013 pokalb\u012f pradeda Greta Bak\u0161ien\u0117, dabar esanti UAB \u201eFactris LT\u201c Lietuvos operacij\u0173 skyriaus vadov\u0117.<\/p>\n<p>Prie\u0161 ateidama dirbti \u012f dar visai jaun\u0105 tik prie\u0161 metus \u012fkurt\u0105 nebankinio faktoringo bendrov\u0119 Greta r\u016bpinosi pardavimais reklamos agent\u016broje.<\/p>\n<h2 style=\"padding-top: 30px;\">Rado bendr\u0105 kalb\u0105<\/h2>\n<p>\u201eTuomet visi\u0161kai nesitik\u0117jau keisti darbo, \u012f pokalb\u012f at\u0117jau per rekomendacijas, bet, prisipa\u017einsiu, nelabai pasiruo\u0161usi. Ta\u010diau pokalbis pavyko, radome bendr\u0105 kalb\u0105 ir tapau pirm\u0105j\u0105, kuri bendrov\u0117je tur\u0117jo r\u016bpintis pardavimais\u201c, \u2013 prisimena Greta.<br \/>Anot jos, tuomet Lietuvoje apie alternatyv\u0173 finansavim\u0105 ir faktoring\u0105 i\u0161manymas buvo menkas. Ir nieko keisto \u2013 juk \u201eDebifo\u201c buvo pirmoji \u0161alyje bendrov\u0117, vos prie\u0161 metus pasi\u016bliusi alternatyvaus s\u0105skait\u0173 finansavimo paslaug\u0105.<\/p>\n<p>\u201ePardavin\u0117ti paslaug\u0105, apie kuri\u0105 verslas ma\u017eai k\u0105 tei\u0161man\u0117, buvo didelis i\u0161\u0161\u016bkis. O ir pati apie j\u0105 ne k\u0105 buvau gird\u0117jusi, teko ja pasidom\u0117ti, kad supras\u010diau, k\u0105 si\u016blau. Perprasti faktoring\u0105 pad\u0117jo ir \u010dia dirb\u0119 specialistai. Su tokia \u201epatirtimi\u201c improvizuodama, \u012fjungusi k\u016brybi\u0161kum\u0105 \u0117miau skambinti potencialiems klientams. Dabar smagu prisiminti, kad pirm\u0105 pardavim\u0105 pavyko \u201eu\u017edaryti\u201c per m\u0117nes\u012f\u201c, \u2013 pasakoja Greta. Anot jos, dabar jau yra sustyguoti paslaug\u0173 pardavimo procesai, taisykl\u0117s, parengti mokymai naujokams.<\/p>\n<h2 style=\"padding-top: 30px;\">Klientui reikia <em>extra mile<\/em><\/h2>\n<p>Po trij\u0173 darbo met\u0173 Pardavim\u0173 skyriuje Greta pasitiko naujus i\u0161\u0161\u016bkius \u2013 per\u0117jo dirbti operacij\u0173 \u2013klient\u0173 aptarnavimo specialiste \u012f Lietuvos operacij\u0173 skyri\u0173.<\/p>\n<p>\u201ePardavim\u0173 skyriuje tavo akys turi visuomet degti, privalai b\u016bti susikoncentrav\u0119s ir maksimaliai orientuotas \u012f klient\u0105, turi gerai i\u0161manyti, ko jam reikia. Operacij\u0173 skyriuje esi susikoncentrav\u0119s \u012f skai\u010dius, techninius sprendimus, privalai laikytis grie\u017et\u0173 proces\u0173, tod\u0117l kartais neatsi\u017evelgi, kad vis tik bendrauji su \u017emogumi. Man ir buvo pasi\u016blyta pereiti \u012f proces\u0173 prasme gan\u0117tinai gerai sustyguot\u0105 Operacij\u0173 skyri\u0173, kad \u010dia atlieptume \u017emogi\u0161kus poreikius ir keistume po\u017ei\u016br\u012f \u012f klientus, dar labiau didindami j\u0173 pasitenkinim\u0105. \u012e nauj\u0105 skyri\u0173 atsine\u0161iau \u017emogi\u0161kojo bendravimo patirt\u012f, kuri, dabar jau akivaizdu, \u010dia labai pravert\u0117. Apklausiami klientai tvirtindavo, kad jie pajaut\u0117 teigiamas permainas skyriuje ir pasikeitus\u012f po\u017ei\u016br\u012f\u201c, \u2013 \u0161ypsodamasi teigia Greta, kuri po poros met\u0173 \u0117m\u0117 vadovauti Lietuvos operacij\u0173 skyriui.<\/p>\n<p>Anot jos, siekiant geriausi\u0173 rezultat\u0173 visuomet tenka padaryti extra mile ir daugiau, nei reikalauja nustatyti procesai. Nors gerai sustyguoti procesai \u2013 vienas i\u0161 reik\u0161mingiausi\u0173 veiksni\u0173 siekiant u\u017esibr\u0117\u017et\u0173 tiksl\u0173.<\/p>\n<p>\u201eJei Pardavim\u0173 skyriaus tikslas \u2013 atvesti klient\u0105, tai Operacij\u0173 \u2013 j\u012f i\u0161laikyti suteikiant b\u016btent tokias paslaugas ir taip, kad jis ir toliau pas mus finansuot\u0173si. \u0160iandien klientui neu\u017etenka tik gauti pinigus. Praktika rodo, kad be protingo lankstumo ir improvizacijos jam taip pat reikia ir bendravimo, ir pasidom\u0117ti, kaip sekasi, galiausiai \u2013 padaryti daugiau, nei jis pra\u0161o ir tikisi \u2013 tai jo pasitenkinimo \u201eFactris\u201c paslaugomis sudedamosios dalys\u201c, \u2013 darbo virtuv\u0119 atskleid\u017eia Lietuvos operacij\u0173 skyriaus vadov\u0117.<\/p>\n<h2 style=\"padding-top: 30px;\">Kas teikia pasitenkinim\u0105 darbu<\/h2>\n<p>Ji tikina, kad \u201eFactris\u201c jai kaip vaikas, kurio augimu r\u016bpinasi beveik nuo pirm\u0173j\u0173 dien\u0173.<\/p>\n<p>\u201eMa\u010diau, dalyvavau ir gyvenau su visomis bendrov\u0117s permainomis, poky\u010diais, augimo i\u0161\u0161\u016bkiais, kol pasiek\u0117me tai, kuo dabar \u201eFactris\u201c tapo. Ypa\u010d darbui \u012fkvepia tai, kad matau, kaip klientai tampa vis labiau patenkinti m\u016bs\u0173 paslaugomis, bei \u017einai, kad ir pats prisidedi prie \u0161i\u0173 ger\u0117jan\u010di\u0173 rezultat\u0173. Klient\u0173 teigiami vertinimai \u2013 didelis stimulas dirbti. Prie pasitenkinimo darbu prisideda ir kolegos \u2013 m\u016bs\u0173 kolektyvas puikus\u201c, \u2013 \u017eav\u0117damasi savo darbu ir komanda entuziastingai pasakoja Greta.<\/p>\n<p>Ji prasitaria, kad su darbu siejasi ir pom\u0117giai. Pavyzd\u017eiui, poilsis kalnuose gali b\u016bti siejamas su tam tikr\u0173 darbo tiksl\u0173 \u2013 vir\u0161\u016bni\u0173 \u2013 siekimu. Ta\u010diau kaip ir kalnuose, taip ir darbe, tenka leistis ir \u012f sl\u0117nius, kad po to v\u0117l kiltum \u012f vir\u0161\u016bn\u0119.<\/p>\n<p>\u201eDar vienas didelis mano pom\u0117gis \u2013 dainavimas. Chore dainavau ir studijuodama Vilniaus kolegijoje, ir v\u0117liau trejus metus garsiame sostin\u0117s chore, \u2013 pasakoja Greta. \u2013 Taip pat m\u0117gstu suktis virtuv\u0117je ir kartas nuo karto kolegas palepinti saldumynais.\u201c<\/p>\n<p>Ta\u010diau, anot jos, vis tik geriausiai smegenis \u201eprav\u0117dina\u201c ir emoci\u0161kai pailsi gro\u017e\u0117damasi kalnais, nes juose viskas u\u017esimir\u0161ta, susikoncentruoji ir matai tik tai, k\u0105 regi aplink ir ko sieki.<\/p>\n<p>[\/et_pb_text][\/et_pb_column][\/et_pb_row][et_pb_row _builder_version=&#8221;4.16&#8243; _module_preset=&#8221;default&#8221; max_width=&#8221;700px&#8221; custom_padding=&#8221;2px||4px|||&#8221; global_colors_info=&#8221;{}&#8221;][et_pb_column type=&#8221;4_4&#8243; _builder_version=&#8221;4.16&#8243; _module_preset=&#8221;default&#8221; global_colors_info=&#8221;{}&#8221;][et_pb_button button_url=&#8221;\/lt\/naujienos\/&#8221; button_text=&#8221; Gr\u012f\u017eti \u012f naujien\u0173 puslap\u012f&#8221; module_class=&#8221;btn-back&#8221; _builder_version=&#8221;4.16&#8243; _module_preset=&#8221;default&#8221; custom_button=&#8221;on&#8221; button_text_color=&#8221;#001194&#8243; button_bg_color=&#8221;rgba(0,0,0,0)&#8221; button_font=&#8221;||||on||||&#8221; button_icon=&#8221;&#x23;||divi||400&#8243; button_icon_placement=&#8221;left&#8221; button_on_hover=&#8221;off&#8221; global_colors_info=&#8221;{}&#8221; button_text_color__hover_enabled=&#8221;off|hover&#8221; custom_padding__hover_enabled=&#8221;off|desktop&#8221; custom_padding__hover=&#8221;|||59px|false|false&#8221;][\/et_pb_button][\/et_pb_column][\/et_pb_row][\/et_pb_section][et_pb_section fb_built=&#8221;1&#8243; _builder_version=&#8221;4.24.0&#8243; _module_preset=&#8221;default&#8221; background_color=&#8221;#000A54&#8243; custom_padding=&#8221;||||true|false&#8221; global_module=&#8221;2087&#8243; global_colors_info=&#8221;{}&#8221;][et_pb_row _builder_version=&#8221;4.24.0&#8243; _module_preset=&#8221;default&#8221; custom_padding=&#8221;||||true|false&#8221; global_colors_info=&#8221;{}&#8221;][et_pb_column type=&#8221;4_4&#8243; _builder_version=&#8221;4.16&#8243; _module_preset=&#8221;default&#8221; global_colors_info=&#8221;{}&#8221;][et_pb_text _builder_version=&#8221;4.16&#8243; _module_preset=&#8221;default&#8221; header_font=&#8221;|700|||||||&#8221; header_text_color=&#8221;#ffffff&#8221; header_line_height=&#8221;2em&#8221; header_2_font=&#8221;|700|||||||&#8221; header_2_text_color=&#8221;#ffffff&#8221; header_2_font_size=&#8221;46px&#8221; header_2_line_height=&#8221;2em&#8221; header_3_font=&#8221;|700|||||||&#8221; header_3_text_align=&#8221;center&#8221; header_3_text_color=&#8221;#ffffff&#8221; header_3_font_size=&#8221;25px&#8221; header_font_tablet=&#8221;&#8221; header_font_phone=&#8221;&#8221; header_font_last_edited=&#8221;on|desktop&#8221; header_line_height_tablet=&#8221;1.8em&#8221; header_line_height_phone=&#8221;1.4em&#8221; header_line_height_last_edited=&#8221;on|phone&#8221; header_2_font_size_tablet=&#8221;&#8221; header_2_font_size_phone=&#8221;32px&#8221; header_2_font_size_last_edited=&#8221;on|phone&#8221; header_3_font_tablet=&#8221;&#8221; header_3_font_phone=&#8221;&#8221; header_3_font_last_edited=&#8221;on|phone&#8221; header_3_line_height_tablet=&#8221;&#8221; header_3_line_height_phone=&#8221;1.8em&#8221; header_3_line_height_last_edited=&#8221;on|phone&#8221; global_colors_info=&#8221;{}&#8221;]<\/p>\n<h2 style=\"text-align: center;\">Papasakokite savo verslo istorij\u0105<\/h2>\n<h3 style=\"text-align: center;\">Su faktoringu skol\u0105 paverskite apyvartin\u0117mis l\u0117\u0161omis<\/h3>\n<p>[\/et_pb_text][et_pb_button button_url=&#8221;\/lt\/finansavimo-kriterijai\/&#8221; button_text=&#8221;Pa\u017ei\u016br\u0117kite, ar atitinkate s\u0105lygas&#8221; button_alignment=&#8221;center&#8221; module_class=&#8221;btn-tertiary-2&#8243; _builder_version=&#8221;4.24.0&#8243; _module_preset=&#8221;default&#8221; custom_button=&#8221;on&#8221; button_text_color=&#8221;#ffffff&#8221; button_bg_color=&#8221;rgba(0,0,0,0)&#8221; button_font=&#8221;||||on||||&#8221; button_icon=&#8221;&#x24;||divi||400&#8243; button_icon_color=&#8221;#ffffff&#8221; button_on_hover=&#8221;off&#8221; custom_margin=&#8221;||||false|false&#8221; custom_padding=&#8221;||||true|true&#8221; global_colors_info=&#8221;{}&#8221;][\/et_pb_button][et_pb_button button_url=&#8221;https:\/\/onboarding.factris.com\/lt\/sign-up&#8221; button_text=&#8221;Finansuokite pirm\u0105j\u0105 s\u0105skait\u0105&#8221; button_alignment=&#8221;center&#8221; _builder_version=&#8221;4.24.0&#8243; _module_preset=&#8221;default&#8221; button_icon=&#8221;&#x24;||divi||400&#8243; button_icon_color=&#8221;#353540&#8243; button_on_hover=&#8221;off&#8221; custom_margin=&#8221;||18px|||&#8221; custom_padding=&#8221;10px|40px|10px|28px|true|false&#8221; global_colors_info=&#8221;{}&#8221; custom_padding__hover_enabled=&#8221;on|hover&#8221; custom_padding__hover=&#8221;|50px|||true|false&#8221;][\/et_pb_button][\/et_pb_column][\/et_pb_row][\/et_pb_section]<\/p>\n","protected":false},"excerpt":{"rendered":"<p>Greta Bak\u0161ien\u0117, Lietuvos operacij\u0173 skyriaus vadov\u0117: \u201eIr kalnuose, ir darbe tenka leistis \u012f sl\u0117nius, kad v\u0117l kiltum \u012f vir\u0161\u016bn\u0119\u201c. \u201eEsu viena i\u0161 pirm\u0173j\u0173 trij\u0173 darbuotoj\u0173 bendrov\u0117je, kuri, kai \u012fsidarbinau 2016 m., dar vadinosi \u201eDebifo\u201c, \u2013 pokalb\u012f pradeda Greta Bak\u0161ien\u0117, dabar esanti UAB \u201eFactris LT\u201c Lietuvos operacij\u0173 skyriaus vadov\u0117. Prie\u0161 ateidama dirbti \u012f dar visai jaun\u0105 [&hellip;]<\/p>\n","protected":false},"author":1,"featured_media":18362,"comment_status":"open","ping_status":"open","sticky":false,"template":"","format":"standard","meta":{"_et_pb_use_builder":"on","_et_pb_old_content":"<!-- wp:paragraph -->\n<p><strong>Advisory board<\/strong><\/p>\n<!-- \/wp:paragraph -->\n\n<!-- wp:paragraph -->\n<p><strong>Brian Reaves <\/strong>Chief Executive Officer<\/p>\n<!-- \/wp:paragraph -->\n\n<!-- wp:paragraph -->\n<p>Serial entrepreneur and investor in the mobile and payments space. Brian was involved in building 21 prior businesses including 15 mobile networks and 4 payment companies.<\/p>\n<!-- \/wp:paragraph -->\n\n<!-- wp:paragraph -->\n<p><strong>Adam Posma <\/strong>Founder and Chief Product Officer of ClubCollect<\/p>\n<!-- \/wp:paragraph -->\n\n<!-- wp:paragraph -->\n<p>Adam founded ClubCollect in 2013 - a provider of membership fee collection services for sports clubs. He started his career in wealth management at BNP Paribas.<\/p>\n<!-- \/wp:paragraph -->\n\n<!-- wp:paragraph -->\n<p><strong>Dr. Tom F. Lesche <\/strong>Principal at Speedinvest<\/p>\n<!-- \/wp:paragraph -->\n\n<!-- wp:paragraph -->\n<p>Tom started his career in investment banking. Most recently, he was a Vice President at Morgan Stanley in London, advising financial technology companies on a variety of capital markets and M&amp;A transactions. At Speedinvest, he solely focuses on investments in European fintech companies.<\/p>\n<!-- \/wp:paragraph -->\n\n<!-- wp:paragraph -->\n<p><strong>Donatas Juodelis <\/strong>Founder of Debifo<\/p>\n<!-- \/wp:paragraph -->\n\n<!-- wp:paragraph -->\n<p>Donatas started his career as a lawyer but quickly moved to entrepreneurship and investments. Co-founded IT company INNTEC, co-founded factoring company Debifo and a couple of other successful startups. In most of the companies, Donatas was responsible for business and corporate development.<\/p>\n<!-- \/wp:paragraph -->\n\n<!-- wp:paragraph -->\n<p><strong>Faisal Hakki <\/strong>Managing director at AB Ventures<\/p>\n<!-- \/wp:paragraph -->\n\n<!-- wp:paragraph -->\n<p>Faisal is Managing Director at AB Ventures, the FinTech focused, early-stage Venture Capital arm of Arab Bank. Prior to joining AB Ventures, Faisal was CEO at Oasis500 \u2013 the leading seed-stage investment fund and accelerator in Jordan. Faisal has also held senior positions at Accelerator Technology Holdings, Arab Advisors Group and Fastlin.<\/p>\n<!-- \/wp:paragraph -->\n\n<!-- wp:paragraph -->\n<p><strong>Brian Reaves <\/strong>Chief Executive Officer<\/p>\n<!-- \/wp:paragraph -->\n\n<!-- wp:paragraph -->\n<p>Serial entrepreneur and investor in the mobile and payments space. Brian was involved in building 21 prior businesses including 15 mobile networks and 4 payment companies.<\/p>\n<!-- \/wp:paragraph -->\n\n<!-- wp:paragraph -->\n<p><strong>Adam Posma <\/strong>Founder and Chief Product Officer of ClubCollect<\/p>\n<!-- \/wp:paragraph -->\n\n<!-- wp:paragraph -->\n<p>Adam founded ClubCollect in 2013 - a provider of membership fee collection services for sports clubs. He started his career in wealth management at BNP Paribas.<\/p>\n<!-- \/wp:paragraph -->\n\n<!-- wp:paragraph -->\n<p><strong>Dr. Tom F. Lesche <\/strong>Principal at Speedinvest<\/p>\n<!-- \/wp:paragraph -->\n\n<!-- wp:paragraph -->\n<p>Tom started his career in investment banking. Most recently, he was a Vice President at Morgan Stanley in London, advising financial technology companies on a variety of capital markets and M&amp;A transactions. At Speedinvest, he solely focuses on investments in European fintech companies.<\/p>\n<!-- \/wp:paragraph -->\n\n<!-- wp:paragraph -->\n<p><strong>Donatas Juodelis <\/strong>Founder of Debifo<\/p>\n<!-- \/wp:paragraph -->\n\n<!-- wp:paragraph -->\n<p>Donatas started his career as a lawyer but quickly moved to entrepreneurship and investments. Co-founded IT company INNTEC, co-founded factoring company Debifo and a couple of other successful startups. In most of the companies, Donatas was responsible for business and corporate development.<\/p>\n<!-- \/wp:paragraph -->\n\n<!-- wp:paragraph -->\n<p><strong>Faisal Hakki <\/strong>Managing director at AB Ventures<\/p>\n<!-- \/wp:paragraph -->\n\n<!-- wp:paragraph -->\n<p>Faisal is Managing Director at AB Ventures, the FinTech focused, early-stage Venture Capital arm of Arab Bank. Prior to joining AB Ventures, Faisal was CEO at Oasis500 \u2013 the leading seed-stage investment fund and accelerator in Jordan. Faisal has also held senior positions at Accelerator Technology Holdings, Arab Advisors Group and Fastlin.<\/p>\n<!-- \/wp:paragraph -->\n\n<!-- wp:paragraph -->\n<p><\/p>\n<!-- \/wp:paragraph -->","_et_gb_content_width":"2880","footnotes":""},"categories":[37],"tags":[],"yoast_head":"<!-- This site is optimized with the Yoast SEO Premium plugin v22.2 (Yoast SEO v24.5) - https:\/\/yoast.com\/wordpress\/plugins\/seo\/ -->\n<title>Greta Bak\u0161ien\u0117 - \u201eFactris\u201c Operacij\u0173 skyriaus vadov\u0117 Lietuvoje<\/title>\n<meta name=\"description\" content=\"\u201eEsu viena i\u0161 pirm\u0173j\u0173 trij\u0173 darbuotoj\u0173 bendrov\u0117je\u201c, \u2013 pokalb\u012f pradeda Greta Bak\u0161ien\u0117, UAB \u201eFactris LT\u201c Lietuvos operacij\u0173 skyriaus vadov\u0117.\" \/>\n<meta name=\"robots\" content=\"index, follow, max-snippet:-1, max-image-preview:large, max-video-preview:-1\" \/>\n<link rel=\"canonical\" href=\"https:\/\/www.factris.com\/lt\/naujienos\/greta-baksiene-operaciju-vadove-lietuvoje\/\" \/>\n<meta property=\"og:locale\" content=\"lt_LT\" \/>\n<meta property=\"og:type\" content=\"article\" \/>\n<meta property=\"og:title\" content=\"Factris i\u0161 ar\u010diau: atvirai ir be formalum\u0173! Greta Bak\u0161ien\u0117\" \/>\n<meta property=\"og:description\" content=\"\u201eEsu viena i\u0161 pirm\u0173j\u0173 trij\u0173 darbuotoj\u0173 bendrov\u0117je\u201c, \u2013 pokalb\u012f pradeda Greta Bak\u0161ien\u0117, UAB \u201eFactris LT\u201c Lietuvos operacij\u0173 skyriaus vadov\u0117.\" \/>\n<meta property=\"og:url\" content=\"https:\/\/www.factris.com\/lt\/naujienos\/greta-baksiene-operaciju-vadove-lietuvoje\/\" \/>\n<meta property=\"og:site_name\" content=\"Factris\" \/>\n<meta property=\"article:publisher\" content=\"https:\/\/www.facebook.com\/factris\" \/>\n<meta property=\"article:published_time\" content=\"2022-08-18T14:17:47+00:00\" \/>\n<meta property=\"article:modified_time\" content=\"2024-04-16T08:09:57+00:00\" \/>\n<meta property=\"og:image\" content=\"https:\/\/www.factris.com\/wp-content\/uploads\/2022\/08\/greta.jpg\" \/>\n\t<meta property=\"og:image:width\" content=\"980\" \/>\n\t<meta property=\"og:image:height\" content=\"654\" \/>\n\t<meta property=\"og:image:type\" content=\"image\/jpeg\" \/>\n<meta name=\"author\" content=\"admin\" \/>\n<meta name=\"twitter:card\" content=\"summary_large_image\" \/>\n<meta name=\"twitter:creator\" content=\"@factris\" \/>\n<meta name=\"twitter:site\" content=\"@factris\" \/>\n<meta name=\"twitter:label1\" content=\"Written by\" \/>\n\t<meta name=\"twitter:data1\" content=\"admin\" \/>\n\t<meta name=\"twitter:label2\" content=\"Est. reading time\" \/>\n\t<meta name=\"twitter:data2\" content=\"4 minut\u0117s\" \/>\n<script type=\"application\/ld+json\" class=\"yoast-schema-graph\">{\"@context\":\"https:\/\/schema.org\",\"@graph\":[{\"@type\":\"Article\",\"@id\":\"https:\/\/www.factris.com\/lt\/naujienos\/greta-baksiene-operaciju-vadove-lietuvoje\/#article\",\"isPartOf\":{\"@id\":\"https:\/\/www.factris.com\/lt\/naujienos\/greta-baksiene-operaciju-vadove-lietuvoje\/\"},\"author\":{\"name\":\"admin\",\"@id\":\"https:\/\/www.factris.com\/lt\/#\/schema\/person\/db2fc8db92d6ab893732e14672c33974\"},\"headline\":\"Factris i\u0161 ar\u010diau: atvirai ir be formalum\u0173! Greta Bak\u0161ien\u0117\",\"datePublished\":\"2022-08-18T14:17:47+00:00\",\"dateModified\":\"2024-04-16T08:09:57+00:00\",\"mainEntityOfPage\":{\"@id\":\"https:\/\/www.factris.com\/lt\/naujienos\/greta-baksiene-operaciju-vadove-lietuvoje\/\"},\"wordCount\":1361,\"commentCount\":0,\"publisher\":{\"@id\":\"https:\/\/www.factris.com\/lt\/#organization\"},\"image\":{\"@id\":\"https:\/\/www.factris.com\/lt\/naujienos\/greta-baksiene-operaciju-vadove-lietuvoje\/#primaryimage\"},\"thumbnailUrl\":\"https:\/\/www.factris.com\/wp-content\/uploads\/2022\/08\/greta.jpg\",\"articleSection\":[\"Factris darbuotojai\"],\"inLanguage\":\"lt-LT\"},{\"@type\":\"WebPage\",\"@id\":\"https:\/\/www.factris.com\/lt\/naujienos\/greta-baksiene-operaciju-vadove-lietuvoje\/\",\"url\":\"https:\/\/www.factris.com\/lt\/naujienos\/greta-baksiene-operaciju-vadove-lietuvoje\/\",\"name\":\"Greta Bak\u0161ien\u0117 - \u201eFactris\u201c Operacij\u0173 skyriaus vadov\u0117 Lietuvoje\",\"isPartOf\":{\"@id\":\"https:\/\/www.factris.com\/lt\/#website\"},\"primaryImageOfPage\":{\"@id\":\"https:\/\/www.factris.com\/lt\/naujienos\/greta-baksiene-operaciju-vadove-lietuvoje\/#primaryimage\"},\"image\":{\"@id\":\"https:\/\/www.factris.com\/lt\/naujienos\/greta-baksiene-operaciju-vadove-lietuvoje\/#primaryimage\"},\"thumbnailUrl\":\"https:\/\/www.factris.com\/wp-content\/uploads\/2022\/08\/greta.jpg\",\"datePublished\":\"2022-08-18T14:17:47+00:00\",\"dateModified\":\"2024-04-16T08:09:57+00:00\",\"description\":\"\u201eEsu viena i\u0161 pirm\u0173j\u0173 trij\u0173 darbuotoj\u0173 bendrov\u0117je\u201c, \u2013 pokalb\u012f pradeda Greta Bak\u0161ien\u0117, UAB \u201eFactris LT\u201c Lietuvos operacij\u0173 skyriaus vadov\u0117.\",\"breadcrumb\":{\"@id\":\"https:\/\/www.factris.com\/lt\/naujienos\/greta-baksiene-operaciju-vadove-lietuvoje\/#breadcrumb\"},\"inLanguage\":\"lt-LT\",\"potentialAction\":[{\"@type\":\"ReadAction\",\"target\":[\"https:\/\/www.factris.com\/lt\/naujienos\/greta-baksiene-operaciju-vadove-lietuvoje\/\"]}]},{\"@type\":\"ImageObject\",\"inLanguage\":\"lt-LT\",\"@id\":\"https:\/\/www.factris.com\/lt\/naujienos\/greta-baksiene-operaciju-vadove-lietuvoje\/#primaryimage\",\"url\":\"https:\/\/www.factris.com\/wp-content\/uploads\/2022\/08\/greta.jpg\",\"contentUrl\":\"https:\/\/www.factris.com\/wp-content\/uploads\/2022\/08\/greta.jpg\",\"width\":980,\"height\":654},{\"@type\":\"BreadcrumbList\",\"@id\":\"https:\/\/www.factris.com\/lt\/naujienos\/greta-baksiene-operaciju-vadove-lietuvoje\/#breadcrumb\",\"itemListElement\":[{\"@type\":\"ListItem\",\"position\":1,\"name\":\"Home\",\"item\":\"https:\/\/www.factris.com\/lt\/\"},{\"@type\":\"ListItem\",\"position\":2,\"name\":\"Factris darbuotojai\",\"item\":\"https:\/\/www.factris.com\/lt\/category\/factris-darbuotojai\/\"},{\"@type\":\"ListItem\",\"position\":3,\"name\":\"Factris i\u0161 ar\u010diau: atvirai ir be formalum\u0173! Greta Bak\u0161ien\u0117\"}]},{\"@type\":\"WebSite\",\"@id\":\"https:\/\/www.factris.com\/lt\/#website\",\"url\":\"https:\/\/www.factris.com\/lt\/\",\"name\":\"Factris\",\"description\":\"Your invoices. Our financing.\",\"publisher\":{\"@id\":\"https:\/\/www.factris.com\/lt\/#organization\"},\"potentialAction\":[{\"@type\":\"SearchAction\",\"target\":{\"@type\":\"EntryPoint\",\"urlTemplate\":\"https:\/\/www.factris.com\/lt\/?s={search_term_string}\"},\"query-input\":{\"@type\":\"PropertyValueSpecification\",\"valueRequired\":true,\"valueName\":\"search_term_string\"}}],\"inLanguage\":\"lt-LT\"},{\"@type\":\"Organization\",\"@id\":\"https:\/\/www.factris.com\/lt\/#organization\",\"name\":\"Factris Holding B.V.\",\"url\":\"https:\/\/www.factris.com\/lt\/\",\"logo\":{\"@type\":\"ImageObject\",\"inLanguage\":\"lt-LT\",\"@id\":\"https:\/\/www.factris.com\/lt\/#\/schema\/logo\/image\/\",\"url\":\"https:\/\/www.factris.com\/wp-content\/uploads\/2020\/12\/logo-factris-black.png\",\"contentUrl\":\"https:\/\/www.factris.com\/wp-content\/uploads\/2020\/12\/logo-factris-black.png\",\"width\":400,\"height\":73,\"caption\":\"Factris Holding B.V.\"},\"image\":{\"@id\":\"https:\/\/www.factris.com\/lt\/#\/schema\/logo\/image\/\"},\"sameAs\":[\"https:\/\/www.facebook.com\/factris\",\"https:\/\/x.com\/factris\",\"https:\/\/www.instagram.com\/factrisholding\/\",\"https:\/\/www.linkedin.com\/company\/factrisholding\",\"https:\/\/www.youtube.com\/channel\/UCFupqDt-Xo3EaKYGiqJH1nQ\"]},{\"@type\":\"Person\",\"@id\":\"https:\/\/www.factris.com\/lt\/#\/schema\/person\/db2fc8db92d6ab893732e14672c33974\",\"name\":\"admin\",\"image\":{\"@type\":\"ImageObject\",\"inLanguage\":\"lt-LT\",\"@id\":\"https:\/\/www.factris.com\/lt\/#\/schema\/person\/image\/\",\"url\":\"https:\/\/secure.gravatar.com\/avatar\/3433963ca90fbe2d073c8158fa1ae687?s=96&d=mm&r=g\",\"contentUrl\":\"https:\/\/secure.gravatar.com\/avatar\/3433963ca90fbe2d073c8158fa1ae687?s=96&d=mm&r=g\",\"caption\":\"admin\"},\"sameAs\":[\"https:\/\/www.factris.com\"]}]}<\/script>\n<!-- \/ Yoast SEO Premium plugin. -->","yoast_head_json":{"title":"Greta Bak\u0161ien\u0117 - \u201eFactris\u201c Operacij\u0173 skyriaus vadov\u0117 Lietuvoje","description":"\u201eEsu viena i\u0161 pirm\u0173j\u0173 trij\u0173 darbuotoj\u0173 bendrov\u0117je\u201c, \u2013 pokalb\u012f pradeda Greta Bak\u0161ien\u0117, UAB \u201eFactris LT\u201c Lietuvos operacij\u0173 skyriaus vadov\u0117.","robots":{"index":"index","follow":"follow","max-snippet":"max-snippet:-1","max-image-preview":"max-image-preview:large","max-video-preview":"max-video-preview:-1"},"canonical":"https:\/\/www.factris.com\/lt\/naujienos\/greta-baksiene-operaciju-vadove-lietuvoje\/","og_locale":"lt_LT","og_type":"article","og_title":"Factris i\u0161 ar\u010diau: atvirai ir be formalum\u0173! Greta Bak\u0161ien\u0117","og_description":"\u201eEsu viena i\u0161 pirm\u0173j\u0173 trij\u0173 darbuotoj\u0173 bendrov\u0117je\u201c, \u2013 pokalb\u012f pradeda Greta Bak\u0161ien\u0117, UAB \u201eFactris LT\u201c Lietuvos operacij\u0173 skyriaus vadov\u0117.","og_url":"https:\/\/www.factris.com\/lt\/naujienos\/greta-baksiene-operaciju-vadove-lietuvoje\/","og_site_name":"Factris","article_publisher":"https:\/\/www.facebook.com\/factris","article_published_time":"2022-08-18T14:17:47+00:00","article_modified_time":"2024-04-16T08:09:57+00:00","og_image":[{"width":980,"height":654,"url":"https:\/\/www.factris.com\/wp-content\/uploads\/2022\/08\/greta.jpg","type":"image\/jpeg"}],"author":"admin","twitter_card":"summary_large_image","twitter_creator":"@factris","twitter_site":"@factris","twitter_misc":{"Written by":"admin","Est. reading time":"4 minut\u0117s"},"schema":{"@context":"https:\/\/schema.org","@graph":[{"@type":"Article","@id":"https:\/\/www.factris.com\/lt\/naujienos\/greta-baksiene-operaciju-vadove-lietuvoje\/#article","isPartOf":{"@id":"https:\/\/www.factris.com\/lt\/naujienos\/greta-baksiene-operaciju-vadove-lietuvoje\/"},"author":{"name":"admin","@id":"https:\/\/www.factris.com\/lt\/#\/schema\/person\/db2fc8db92d6ab893732e14672c33974"},"headline":"Factris i\u0161 ar\u010diau: atvirai ir be formalum\u0173! Greta Bak\u0161ien\u0117","datePublished":"2022-08-18T14:17:47+00:00","dateModified":"2024-04-16T08:09:57+00:00","mainEntityOfPage":{"@id":"https:\/\/www.factris.com\/lt\/naujienos\/greta-baksiene-operaciju-vadove-lietuvoje\/"},"wordCount":1361,"commentCount":0,"publisher":{"@id":"https:\/\/www.factris.com\/lt\/#organization"},"image":{"@id":"https:\/\/www.factris.com\/lt\/naujienos\/greta-baksiene-operaciju-vadove-lietuvoje\/#primaryimage"},"thumbnailUrl":"https:\/\/www.factris.com\/wp-content\/uploads\/2022\/08\/greta.jpg","articleSection":["Factris darbuotojai"],"inLanguage":"lt-LT"},{"@type":"WebPage","@id":"https:\/\/www.factris.com\/lt\/naujienos\/greta-baksiene-operaciju-vadove-lietuvoje\/","url":"https:\/\/www.factris.com\/lt\/naujienos\/greta-baksiene-operaciju-vadove-lietuvoje\/","name":"Greta Bak\u0161ien\u0117 - \u201eFactris\u201c Operacij\u0173 skyriaus vadov\u0117 Lietuvoje","isPartOf":{"@id":"https:\/\/www.factris.com\/lt\/#website"},"primaryImageOfPage":{"@id":"https:\/\/www.factris.com\/lt\/naujienos\/greta-baksiene-operaciju-vadove-lietuvoje\/#primaryimage"},"image":{"@id":"https:\/\/www.factris.com\/lt\/naujienos\/greta-baksiene-operaciju-vadove-lietuvoje\/#primaryimage"},"thumbnailUrl":"https:\/\/www.factris.com\/wp-content\/uploads\/2022\/08\/greta.jpg","datePublished":"2022-08-18T14:17:47+00:00","dateModified":"2024-04-16T08:09:57+00:00","description":"\u201eEsu viena i\u0161 pirm\u0173j\u0173 trij\u0173 darbuotoj\u0173 bendrov\u0117je\u201c, \u2013 pokalb\u012f pradeda Greta Bak\u0161ien\u0117, UAB \u201eFactris LT\u201c Lietuvos operacij\u0173 skyriaus vadov\u0117.","breadcrumb":{"@id":"https:\/\/www.factris.com\/lt\/naujienos\/greta-baksiene-operaciju-vadove-lietuvoje\/#breadcrumb"},"inLanguage":"lt-LT","potentialAction":[{"@type":"ReadAction","target":["https:\/\/www.factris.com\/lt\/naujienos\/greta-baksiene-operaciju-vadove-lietuvoje\/"]}]},{"@type":"ImageObject","inLanguage":"lt-LT","@id":"https:\/\/www.factris.com\/lt\/naujienos\/greta-baksiene-operaciju-vadove-lietuvoje\/#primaryimage","url":"https:\/\/www.factris.com\/wp-content\/uploads\/2022\/08\/greta.jpg","contentUrl":"https:\/\/www.factris.com\/wp-content\/uploads\/2022\/08\/greta.jpg","width":980,"height":654},{"@type":"BreadcrumbList","@id":"https:\/\/www.factris.com\/lt\/naujienos\/greta-baksiene-operaciju-vadove-lietuvoje\/#breadcrumb","itemListElement":[{"@type":"ListItem","position":1,"name":"Home","item":"https:\/\/www.factris.com\/lt\/"},{"@type":"ListItem","position":2,"name":"Factris darbuotojai","item":"https:\/\/www.factris.com\/lt\/category\/factris-darbuotojai\/"},{"@type":"ListItem","position":3,"name":"Factris i\u0161 ar\u010diau: atvirai ir be formalum\u0173! Greta Bak\u0161ien\u0117"}]},{"@type":"WebSite","@id":"https:\/\/www.factris.com\/lt\/#website","url":"https:\/\/www.factris.com\/lt\/","name":"Factris","description":"Your invoices. Our financing.","publisher":{"@id":"https:\/\/www.factris.com\/lt\/#organization"},"potentialAction":[{"@type":"SearchAction","target":{"@type":"EntryPoint","urlTemplate":"https:\/\/www.factris.com\/lt\/?s={search_term_string}"},"query-input":{"@type":"PropertyValueSpecification","valueRequired":true,"valueName":"search_term_string"}}],"inLanguage":"lt-LT"},{"@type":"Organization","@id":"https:\/\/www.factris.com\/lt\/#organization","name":"Factris Holding B.V.","url":"https:\/\/www.factris.com\/lt\/","logo":{"@type":"ImageObject","inLanguage":"lt-LT","@id":"https:\/\/www.factris.com\/lt\/#\/schema\/logo\/image\/","url":"https:\/\/www.factris.com\/wp-content\/uploads\/2020\/12\/logo-factris-black.png","contentUrl":"https:\/\/www.factris.com\/wp-content\/uploads\/2020\/12\/logo-factris-black.png","width":400,"height":73,"caption":"Factris Holding B.V."},"image":{"@id":"https:\/\/www.factris.com\/lt\/#\/schema\/logo\/image\/"},"sameAs":["https:\/\/www.facebook.com\/factris","https:\/\/x.com\/factris","https:\/\/www.instagram.com\/factrisholding\/","https:\/\/www.linkedin.com\/company\/factrisholding","https:\/\/www.youtube.com\/channel\/UCFupqDt-Xo3EaKYGiqJH1nQ"]},{"@type":"Person","@id":"https:\/\/www.factris.com\/lt\/#\/schema\/person\/db2fc8db92d6ab893732e14672c33974","name":"admin","image":{"@type":"ImageObject","inLanguage":"lt-LT","@id":"https:\/\/www.factris.com\/lt\/#\/schema\/person\/image\/","url":"https:\/\/secure.gravatar.com\/avatar\/3433963ca90fbe2d073c8158fa1ae687?s=96&d=mm&r=g","contentUrl":"https:\/\/secure.gravatar.com\/avatar\/3433963ca90fbe2d073c8158fa1ae687?s=96&d=mm&r=g","caption":"admin"},"sameAs":["https:\/\/www.factris.com"]}]}},"_links":{"self":[{"href":"https:\/\/www.factris.com\/lt\/wp-json\/wp\/v2\/posts\/18361"}],"collection":[{"href":"https:\/\/www.factris.com\/lt\/wp-json\/wp\/v2\/posts"}],"about":[{"href":"https:\/\/www.factris.com\/lt\/wp-json\/wp\/v2\/types\/post"}],"author":[{"embeddable":true,"href":"https:\/\/www.factris.com\/lt\/wp-json\/wp\/v2\/users\/1"}],"replies":[{"embeddable":true,"href":"https:\/\/www.factris.com\/lt\/wp-json\/wp\/v2\/comments?post=18361"}],"version-history":[{"count":6,"href":"https:\/\/www.factris.com\/lt\/wp-json\/wp\/v2\/posts\/18361\/revisions"}],"predecessor-version":[{"id":30951,"href":"https:\/\/www.factris.com\/lt\/wp-json\/wp\/v2\/posts\/18361\/revisions\/30951"}],"wp:featuredmedia":[{"embeddable":true,"href":"https:\/\/www.factris.com\/lt\/wp-json\/wp\/v2\/media\/18362"}],"wp:attachment":[{"href":"https:\/\/www.factris.com\/lt\/wp-json\/wp\/v2\/media?parent=18361"}],"wp:term":[{"taxonomy":"category","embeddable":true,"href":"https:\/\/www.factris.com\/lt\/wp-json\/wp\/v2\/categories?post=18361"},{"taxonomy":"post_tag","embeddable":true,"href":"https:\/\/www.factris.com\/lt\/wp-json\/wp\/v2\/tags?post=18361"}],"curies":[{"name":"wp","href":"https:\/\/api.w.org\/{rel}","templated":true}]}}