{"id":3009,"date":"2015-04-29T16:28:00","date_gmt":"2015-04-29T16:28:00","guid":{"rendered":"https:\/\/www.factris.com\/?p=3009"},"modified":"2023-01-10T10:14:21","modified_gmt":"2023-01-10T10:14:21","slug":"svv-svarbiausia-ekonomikos-dalis","status":"publish","type":"post","link":"https:\/\/www.factris.com\/lt\/naujienos\/svv-svarbiausia-ekonomikos-dalis\/","title":{"rendered":"Smulkus ir vidutinis verslas \u2013 svarbiausia ekonomikos dalis"},"content":{"rendered":"<p>[et_pb_section fb_built=&#8221;1&#8243; _builder_version=&#8221;4.16&#8243; _module_preset=&#8221;default&#8221; custom_padding=&#8221;21px|||||&#8221; global_colors_info=&#8221;{}&#8221;][et_pb_row _builder_version=&#8221;4.16&#8243; _module_preset=&#8221;default&#8221; max_width=&#8221;700px&#8221; custom_padding=&#8221;2px||4px|||&#8221; global_colors_info=&#8221;{}&#8221;][et_pb_column type=&#8221;4_4&#8243; _builder_version=&#8221;4.16&#8243; _module_preset=&#8221;default&#8221; global_colors_info=&#8221;{}&#8221;][et_pb_button button_url=&#8221;\/lt\/naujienos\/&#8221; button_text=&#8221; Gr\u012f\u017eti \u012f naujien\u0173 puslap\u012f&#8221; module_class=&#8221;btn-back&#8221; _builder_version=&#8221;4.16&#8243; _module_preset=&#8221;default&#8221; custom_button=&#8221;on&#8221; button_text_color=&#8221;#001194&#8243; button_bg_color=&#8221;rgba(0,0,0,0)&#8221; button_font=&#8221;||||on||||&#8221; button_icon=&#8221;&#x23;||divi||400&#8243; button_icon_placement=&#8221;left&#8221; button_on_hover=&#8221;off&#8221; global_colors_info=&#8221;{}&#8221; button_text_color__hover_enabled=&#8221;off|hover&#8221; custom_padding__hover_enabled=&#8221;off|desktop&#8221; custom_padding__hover=&#8221;|||59px|false|false&#8221;][\/et_pb_button][\/et_pb_column][\/et_pb_row][et_pb_row _builder_version=&#8221;4.16&#8243; _module_preset=&#8221;default&#8221; max_width=&#8221;700px&#8221; global_colors_info=&#8221;{}&#8221;][et_pb_column type=&#8221;4_4&#8243; _builder_version=&#8221;4.16&#8243; _module_preset=&#8221;default&#8221; global_colors_info=&#8221;{}&#8221;][et_pb_text _builder_version=&#8221;4.16&#8243; _module_preset=&#8221;default&#8221; header_font_size=&#8221;46px&#8221; header_line_height=&#8221;1.4em&#8221; header_2_font=&#8221;|700|||||||&#8221; header_2_text_color=&#8221;#000a54&#8243; header_2_font_size=&#8221;27px&#8221; header_2_line_height=&#8221;1.3em&#8221; header_3_text_color=&#8221;#000a54&#8243; header_3_font_size=&#8221;25px&#8221; header_3_line_height=&#8221;35px&#8221; header_4_text_color=&#8221;#000a54&#8243; header_4_font_size=&#8221;21px&#8221; header_4_line_height=&#8221;29px&#8221; global_colors_info=&#8221;{}&#8221;]<\/p>\n<h2>Smulkus ir vidutinis verslas (SVV) yra itin svarbus \u0161alies ekonomikai ir apima beveik visas Lietuvoje veikian\u010dias \u012fmones (99.8% veikl\u0105 vykdan\u010di\u0173 \u012fmoni\u0173 2014 m.).<\/h2>\n<p>Valstybin\u0117s institucijos deklaruoja siek\u012f skatinti smulk\u0173 ir vidutin\u012f versl\u0105, o tai leist\u0173 spr\u0119sti ir platesnes \u0161alies problemas \u2013 paspartinti nauj\u0173 darbo viet\u0173 k\u016brim\u0105si, stiprinti vidurini\u0105j\u0105 klas\u0119, i\u0161laikyti \u0161alies bendrojo vidaus produkto augim\u0105 ir ma\u017einti \u0161alies region\u0173 socialin\u0119 atskirt\u012f.<\/p>\n<p>Smulkus ir vidutinis verslas yra lankstus ir sugeba operatyviai prisitaikyti prie besikei\u010dian\u010di\u0173 rinkos s\u0105lyg\u0173. SVV segmentas skatina konkurencingum\u0105, o tai yra vienas i\u0161 pagrindini\u0173 laisvos rinkos veikimo princip\u0173. Konkurencija didina \u012fmoni\u0173 veiklos efektyvum\u0105, leid\u017eia i\u0161pl\u0117sti esamas ir u\u017eimti naujas rinkas bei sukurti naujus, efektyvesnius ir patogesnius produktus ar paslaugas vartotojams.<\/p>\n<p>Augdamas smulkus ir vidutinis verslas maksimaliai i\u0161naudoja akcinink\u0173 l\u0117\u0161as, ta\u010diau taip pat siekia pasinaudoti finansiniais produktais. Efektyviai ir saikingai naudojamas skolintas kapitalas leid\u017eia vykdyti didesnius u\u017esakymus ir parduoti daugiau paslaug\u0173, pasamdyti daugiau darbuot\u0173. Ta\u010diau ir Lietuvoje, ir kitose Europos \u0161alyse SVV galimyb\u0117s gauti bankinius ir kitus finansinius produktus yra ribotos. \u012emon\u0117ms da\u017enai tr\u016bksta materialaus turto, kur\u012f finansin\u0117s institucijos leist\u0173 panaudoti kaip u\u017estat\u0105. \u012emon\u0117s vadovams ir akcininkams, siekiantiems nuo \u012fmon\u0117s veiklos atskirti ir apsaugoti savo asmeninius, \u0161eimos finansus, asmeninis laidavimas turtu da\u017enai yra nepriimtinas, pernelyg didelis \u012fsipareigojimas. Lietuvoje net<span>\u00a0<\/span><a href=\"\/lt\/naujienos\/net-85-proc-svv-reikalingas-isorinis-finansavimas\/\">85% SVV reikalingas i\u0161orinis finansavimas<\/a>. Be to, finansin\u0117s institucijos n\u0117ra suinteresuotos teikti finansavim\u0105 smulkioms \u012fmon\u0117ms dar ir d\u0117l nepalankaus s\u0105naud\u0173 (laiko, skiriamo \u012fvertinti kliento rizik\u0105, parengti dokumentus ir t.t.) ir potencialaus u\u017edarbio santykio. Reikaling\u0173 atlikti darb\u0173 apimtis ma\u017eai skirsis suteikiant 0.5 mln. Eur ar 10 mln. Eur paskol\u0105, tod\u0117l finans\u0173 \u012fstaigos neretai prioritet\u0105 teikia stambesniems klientams.<\/p>\n<p>Ekonominio pakilimo metu smulkus ir vidutinis verslas da\u017enai pasirenka agresyv\u0173 pl\u0117tros scenarij\u0173 ir retai susim\u0105sto apie galimus ekonomini\u0173 tendencij\u0173 poky\u010dius. Tod\u0117l SVV \u012fmon\u0117s nesp\u0117ja sukaupti pakankamo finansinio rezervo ir tampa itin pa\u017eeid\u017eiamos ekonomini\u0173 nuosmuki\u0173 metu. Savo ruo\u017etu, ekonominis nuosmukis padidina rizik\u0105 finansin\u0117ms \u012fstaigoms ir \u0161ios sugrie\u017etina skolinimo s\u0105lygas arba net visai sustabdo paskol\u0173 i\u0161davim\u0105. Finansini\u0173 resurs\u0173 stoka, sugrie\u017et\u0117jusios skolinimo s\u0105lygos bei nediversifikuota veikla apriboja SVV \u012fmoni\u0173 galimybes toliau pl\u0117toti versl\u0105. Tod\u0117l kiekvienam verslui svarbu apsir\u016bpinti bent keliais skirtingais finansavimo \u0161altiniais, kurie kritiniu momentu pad\u0117t\u0173 u\u017etikrinti veiklos t\u0119stinum\u0105.<\/p>\n<p>\u012era\u0161\u0173 apie skirtingus finansinius produktus ir b\u016bdus diversifikuoti kapitalo baz\u0119 laukite artimiausiu metu.<\/p>\n<p>[\/et_pb_text][\/et_pb_column][\/et_pb_row][et_pb_row _builder_version=&#8221;4.16&#8243; _module_preset=&#8221;default&#8221; max_width=&#8221;700px&#8221; custom_padding=&#8221;2px||4px|||&#8221; global_colors_info=&#8221;{}&#8221;][et_pb_column type=&#8221;4_4&#8243; _builder_version=&#8221;4.16&#8243; _module_preset=&#8221;default&#8221; global_colors_info=&#8221;{}&#8221;][et_pb_button button_url=&#8221;\/lt\/naujienos\/&#8221; button_text=&#8221; Gr\u012f\u017eti \u012f naujien\u0173 puslap\u012f&#8221; module_class=&#8221;btn-back&#8221; _builder_version=&#8221;4.16&#8243; _module_preset=&#8221;default&#8221; custom_button=&#8221;on&#8221; button_text_color=&#8221;#001194&#8243; button_bg_color=&#8221;rgba(0,0,0,0)&#8221; button_font=&#8221;||||on||||&#8221; button_icon=&#8221;&#x23;||divi||400&#8243; button_icon_placement=&#8221;left&#8221; button_on_hover=&#8221;off&#8221; global_colors_info=&#8221;{}&#8221; button_text_color__hover_enabled=&#8221;off|hover&#8221; custom_padding__hover_enabled=&#8221;off|desktop&#8221; custom_padding__hover=&#8221;|||59px|false|false&#8221;][\/et_pb_button][\/et_pb_column][\/et_pb_row][\/et_pb_section][et_pb_section fb_built=&#8221;1&#8243; _builder_version=&#8221;4.7.6&#8243; _module_preset=&#8221;default&#8221; background_color=&#8221;#000A54&#8243; custom_padding=&#8221;20vh||20vh||true|false&#8221; global_module=&#8221;2087&#8243; global_colors_info=&#8221;{}&#8221;][et_pb_row _builder_version=&#8221;4.16&#8243; _module_preset=&#8221;default&#8221; custom_padding=&#8221;0px||0px||true|false&#8221; global_colors_info=&#8221;{}&#8221;][et_pb_column type=&#8221;4_4&#8243; _builder_version=&#8221;4.16&#8243; _module_preset=&#8221;default&#8221; global_colors_info=&#8221;{}&#8221;][et_pb_text _builder_version=&#8221;4.16&#8243; _module_preset=&#8221;default&#8221; header_font=&#8221;|700|||||||&#8221; header_text_color=&#8221;#ffffff&#8221; header_font_size=&#8221;46px&#8221; header_line_height=&#8221;2em&#8221; header_2_font=&#8221;|700|||||||&#8221; header_2_text_color=&#8221;#ffffff&#8221; header_2_font_size=&#8221;46px&#8221; header_2_line_height=&#8221;2em&#8221; header_3_font=&#8221;|700|||||||&#8221; header_3_text_align=&#8221;center&#8221; header_3_text_color=&#8221;#ffffff&#8221; header_3_font_size=&#8221;25px&#8221; header_font_tablet=&#8221;&#8221; header_font_phone=&#8221;&#8221; header_font_last_edited=&#8221;on|desktop&#8221; header_line_height_tablet=&#8221;1.8em&#8221; header_line_height_phone=&#8221;1.4em&#8221; header_line_height_last_edited=&#8221;on|phone&#8221; header_2_font_size_tablet=&#8221;&#8221; header_2_font_size_phone=&#8221;32px&#8221; header_2_font_size_last_edited=&#8221;on|phone&#8221; header_3_font_tablet=&#8221;&#8221; header_3_font_phone=&#8221;&#8221; header_3_font_last_edited=&#8221;on|phone&#8221; header_3_line_height_tablet=&#8221;&#8221; header_3_line_height_phone=&#8221;1.8em&#8221; header_3_line_height_last_edited=&#8221;on|phone&#8221; global_colors_info=&#8221;{}&#8221;]<\/p>\n<h2 style=\"text-align: center;\">Papasakokite savo verslo istorij\u0105<\/h2>\n<h3 style=\"text-align: center;\">Su faktoringu skol\u0105 paverskite apyvartin\u0117mis l\u0117\u0161omis<\/h3>\n<p>[\/et_pb_text][et_pb_button button_url=&#8221;\/lt\/finansavimo-kriterijai\/&#8221; button_text=&#8221;Pa\u017ei\u016br\u0117kite, ar atitinkate s\u0105lygas&#8221; button_alignment=&#8221;center&#8221; module_class=&#8221;btn-tertiary-2&#8243; _builder_version=&#8221;4.16&#8243; _module_preset=&#8221;default&#8221; custom_button=&#8221;on&#8221; button_text_color=&#8221;#ffffff&#8221; button_bg_color=&#8221;rgba(0,0,0,0)&#8221; button_font=&#8221;||||on||||&#8221; button_icon=&#8221;&#x24;||divi||400&#8243; button_icon_color=&#8221;#ffffff&#8221; button_on_hover=&#8221;off&#8221; custom_margin=&#8221;||20px|||&#8221; custom_padding=&#8221;0px|0px|0px|0px|true|true&#8221; global_colors_info=&#8221;{}&#8221;][\/et_pb_button][et_pb_button button_url=&#8221;https:\/\/onboarding.factris.com\/lt\/sign-up&#8221; button_text=&#8221;Finansuokite pirm\u0105j\u0105 s\u0105skait\u0105&#8221; button_alignment=&#8221;center&#8221; _builder_version=&#8221;4.16&#8243; _module_preset=&#8221;default&#8221; button_icon=&#8221;&#x24;||divi||400&#8243; button_icon_color=&#8221;#353540&#8243; button_on_hover=&#8221;off&#8221; custom_margin=&#8221;||18px|||&#8221; custom_padding=&#8221;10px|40px|10px|25px|true|false&#8221; global_colors_info=&#8221;{}&#8221; custom_padding__hover_enabled=&#8221;on|hover&#8221; custom_padding__hover=&#8221;|50px|||true|false&#8221;][\/et_pb_button][\/et_pb_column][\/et_pb_row][\/et_pb_section]<\/p>\n","protected":false},"excerpt":{"rendered":"<p>Smulkus ir vidutinis verslas (SVV) yra itin svarbus \u0161alies ekonomikai ir apima beveik visas Lietuvoje veikian\u010dias \u012fmones (99.8% veikl\u0105 vykdan\u010di\u0173 \u012fmoni\u0173 2014 m.). Valstybin\u0117s institucijos deklaruoja siek\u012f skatinti smulk\u0173 ir vidutin\u012f versl\u0105, o tai leist\u0173 spr\u0119sti ir platesnes \u0161alies problemas \u2013 paspartinti nauj\u0173 darbo viet\u0173 k\u016brim\u0105si, stiprinti vidurini\u0105j\u0105 klas\u0119, i\u0161laikyti \u0161alies bendrojo vidaus produkto augim\u0105 [&hellip;]<\/p>\n","protected":false},"author":1,"featured_media":21341,"comment_status":"open","ping_status":"open","sticky":false,"template":"","format":"standard","meta":{"_et_pb_use_builder":"on","_et_pb_old_content":"<!-- wp:paragraph -->\n<p><strong>Advisory board<\/strong><\/p>\n<!-- \/wp:paragraph -->\n\n<!-- wp:paragraph -->\n<p><strong>Brian Reaves <\/strong>Chief Executive Officer<\/p>\n<!-- \/wp:paragraph -->\n\n<!-- wp:paragraph -->\n<p>Serial entrepreneur and investor in the mobile and payments space. Brian was involved in building 21 prior businesses including 15 mobile networks and 4 payment companies.<\/p>\n<!-- \/wp:paragraph -->\n\n<!-- wp:paragraph -->\n<p><strong>Adam Posma <\/strong>Founder and Chief Product Officer of ClubCollect<\/p>\n<!-- \/wp:paragraph -->\n\n<!-- wp:paragraph -->\n<p>Adam founded ClubCollect in 2013 - a provider of membership fee collection services for sports clubs. He started his career in wealth management at BNP Paribas.<\/p>\n<!-- \/wp:paragraph -->\n\n<!-- wp:paragraph -->\n<p><strong>Dr. Tom F. Lesche <\/strong>Principal at Speedinvest<\/p>\n<!-- \/wp:paragraph -->\n\n<!-- wp:paragraph -->\n<p>Tom started his career in investment banking. Most recently, he was a Vice President at Morgan Stanley in London, advising financial technology companies on a variety of capital markets and M&amp;A transactions. At Speedinvest, he solely focuses on investments in European fintech companies.<\/p>\n<!-- \/wp:paragraph -->\n\n<!-- wp:paragraph -->\n<p><strong>Donatas Juodelis <\/strong>Founder of Debifo<\/p>\n<!-- \/wp:paragraph -->\n\n<!-- wp:paragraph -->\n<p>Donatas started his career as a lawyer but quickly moved to entrepreneurship and investments. Co-founded IT company INNTEC, co-founded factoring company Debifo and a couple of other successful startups. In most of the companies, Donatas was responsible for business and corporate development.<\/p>\n<!-- \/wp:paragraph -->\n\n<!-- wp:paragraph -->\n<p><strong>Faisal Hakki <\/strong>Managing director at AB Ventures<\/p>\n<!-- \/wp:paragraph -->\n\n<!-- wp:paragraph -->\n<p>Faisal is Managing Director at AB Ventures, the FinTech focused, early-stage Venture Capital arm of Arab Bank. Prior to joining AB Ventures, Faisal was CEO at Oasis500 \u2013 the leading seed-stage investment fund and accelerator in Jordan. Faisal has also held senior positions at Accelerator Technology Holdings, Arab Advisors Group and Fastlin.<\/p>\n<!-- \/wp:paragraph -->\n\n<!-- wp:paragraph -->\n<p><strong>Brian Reaves <\/strong>Chief Executive Officer<\/p>\n<!-- \/wp:paragraph -->\n\n<!-- wp:paragraph -->\n<p>Serial entrepreneur and investor in the mobile and payments space. Brian was involved in building 21 prior businesses including 15 mobile networks and 4 payment companies.<\/p>\n<!-- \/wp:paragraph -->\n\n<!-- wp:paragraph -->\n<p><strong>Adam Posma <\/strong>Founder and Chief Product Officer of ClubCollect<\/p>\n<!-- \/wp:paragraph -->\n\n<!-- wp:paragraph -->\n<p>Adam founded ClubCollect in 2013 - a provider of membership fee collection services for sports clubs. He started his career in wealth management at BNP Paribas.<\/p>\n<!-- \/wp:paragraph -->\n\n<!-- wp:paragraph -->\n<p><strong>Dr. Tom F. Lesche <\/strong>Principal at Speedinvest<\/p>\n<!-- \/wp:paragraph -->\n\n<!-- wp:paragraph -->\n<p>Tom started his career in investment banking. Most recently, he was a Vice President at Morgan Stanley in London, advising financial technology companies on a variety of capital markets and M&amp;A transactions. At Speedinvest, he solely focuses on investments in European fintech companies.<\/p>\n<!-- \/wp:paragraph -->\n\n<!-- wp:paragraph -->\n<p><strong>Donatas Juodelis <\/strong>Founder of Debifo<\/p>\n<!-- \/wp:paragraph -->\n\n<!-- wp:paragraph -->\n<p>Donatas started his career as a lawyer but quickly moved to entrepreneurship and investments. Co-founded IT company INNTEC, co-founded factoring company Debifo and a couple of other successful startups. In most of the companies, Donatas was responsible for business and corporate development.<\/p>\n<!-- \/wp:paragraph -->\n\n<!-- wp:paragraph -->\n<p><strong>Faisal Hakki <\/strong>Managing director at AB Ventures<\/p>\n<!-- \/wp:paragraph -->\n\n<!-- wp:paragraph -->\n<p>Faisal is Managing Director at AB Ventures, the FinTech focused, early-stage Venture Capital arm of Arab Bank. Prior to joining AB Ventures, Faisal was CEO at Oasis500 \u2013 the leading seed-stage investment fund and accelerator in Jordan. Faisal has also held senior positions at Accelerator Technology Holdings, Arab Advisors Group and Fastlin.<\/p>\n<!-- \/wp:paragraph -->\n\n<!-- wp:paragraph -->\n<p><\/p>\n<!-- \/wp:paragraph -->","_et_gb_content_width":"2880","footnotes":""},"categories":[36],"tags":[50,48],"yoast_head":"<!-- This site is optimized with the Yoast SEO Premium plugin v22.2 (Yoast SEO v24.5) - https:\/\/yoast.com\/wordpress\/plugins\/seo\/ -->\n<title>Smulkusis ir vidutinis verslas - ekonomikos stuburas<\/title>\n<meta name=\"description\" content=\"Smulkus ir vidutinis verslas (SVV) yra itin svarbus \u0161alies ekonomikai ir apima beveik visas Lietuvoje veikian\u010dias \u012fmones (99.8%).\" \/>\n<meta name=\"robots\" content=\"index, follow, max-snippet:-1, max-image-preview:large, max-video-preview:-1\" \/>\n<link rel=\"canonical\" href=\"https:\/\/www.factris.com\/lt\/naujienos\/svv-svarbiausia-ekonomikos-dalis\/\" \/>\n<meta property=\"og:locale\" content=\"lt_LT\" \/>\n<meta property=\"og:type\" content=\"article\" \/>\n<meta property=\"og:title\" content=\"Smulkus ir vidutinis verslas \u2013 svarbiausia ekonomikos dalis\" \/>\n<meta property=\"og:description\" content=\"Smulkus ir vidutinis verslas (SVV) yra itin svarbus \u0161alies ekonomikai ir apima beveik visas Lietuvoje veikian\u010dias \u012fmones (99.8%).\" \/>\n<meta property=\"og:url\" content=\"https:\/\/www.factris.com\/lt\/naujienos\/svv-svarbiausia-ekonomikos-dalis\/\" \/>\n<meta property=\"og:site_name\" content=\"Factris\" \/>\n<meta property=\"article:publisher\" content=\"https:\/\/www.facebook.com\/factris\" \/>\n<meta property=\"article:published_time\" content=\"2015-04-29T16:28:00+00:00\" \/>\n<meta property=\"article:modified_time\" content=\"2023-01-10T10:14:21+00:00\" \/>\n<meta property=\"og:image\" content=\"https:\/\/www.factris.com\/wp-content\/uploads\/2023\/01\/Factris-naujienos-4.jpg\" \/>\n\t<meta property=\"og:image:width\" content=\"980\" \/>\n\t<meta property=\"og:image:height\" content=\"654\" \/>\n\t<meta property=\"og:image:type\" content=\"image\/jpeg\" \/>\n<meta name=\"author\" content=\"admin\" \/>\n<meta name=\"twitter:card\" content=\"summary_large_image\" \/>\n<meta name=\"twitter:creator\" content=\"@factris\" \/>\n<meta name=\"twitter:site\" content=\"@factris\" \/>\n<meta name=\"twitter:label1\" content=\"Written by\" \/>\n\t<meta name=\"twitter:data1\" content=\"admin\" \/>\n\t<meta name=\"twitter:label2\" content=\"Est. reading time\" \/>\n\t<meta name=\"twitter:data2\" content=\"3 minut\u0117s\" \/>\n<script type=\"application\/ld+json\" class=\"yoast-schema-graph\">{\"@context\":\"https:\/\/schema.org\",\"@graph\":[{\"@type\":\"Article\",\"@id\":\"https:\/\/www.factris.com\/lt\/naujienos\/svv-svarbiausia-ekonomikos-dalis\/#article\",\"isPartOf\":{\"@id\":\"https:\/\/www.factris.com\/lt\/naujienos\/svv-svarbiausia-ekonomikos-dalis\/\"},\"author\":{\"name\":\"admin\",\"@id\":\"https:\/\/www.factris.com\/lt\/#\/schema\/person\/db2fc8db92d6ab893732e14672c33974\"},\"headline\":\"Smulkus ir vidutinis verslas \u2013 svarbiausia ekonomikos dalis\",\"datePublished\":\"2015-04-29T16:28:00+00:00\",\"dateModified\":\"2023-01-10T10:14:21+00:00\",\"mainEntityOfPage\":{\"@id\":\"https:\/\/www.factris.com\/lt\/naujienos\/svv-svarbiausia-ekonomikos-dalis\/\"},\"wordCount\":1086,\"commentCount\":0,\"publisher\":{\"@id\":\"https:\/\/www.factris.com\/lt\/#organization\"},\"image\":{\"@id\":\"https:\/\/www.factris.com\/lt\/naujienos\/svv-svarbiausia-ekonomikos-dalis\/#primaryimage\"},\"thumbnailUrl\":\"https:\/\/www.factris.com\/wp-content\/uploads\/2023\/01\/Factris-naujienos-4.jpg\",\"keywords\":[\"smulkus verslas\",\"smulkusis ir vidutinis verslas\"],\"articleSection\":[\"Finansavimo gidas\"],\"inLanguage\":\"lt-LT\"},{\"@type\":\"WebPage\",\"@id\":\"https:\/\/www.factris.com\/lt\/naujienos\/svv-svarbiausia-ekonomikos-dalis\/\",\"url\":\"https:\/\/www.factris.com\/lt\/naujienos\/svv-svarbiausia-ekonomikos-dalis\/\",\"name\":\"Smulkusis ir vidutinis verslas - ekonomikos stuburas\",\"isPartOf\":{\"@id\":\"https:\/\/www.factris.com\/lt\/#website\"},\"primaryImageOfPage\":{\"@id\":\"https:\/\/www.factris.com\/lt\/naujienos\/svv-svarbiausia-ekonomikos-dalis\/#primaryimage\"},\"image\":{\"@id\":\"https:\/\/www.factris.com\/lt\/naujienos\/svv-svarbiausia-ekonomikos-dalis\/#primaryimage\"},\"thumbnailUrl\":\"https:\/\/www.factris.com\/wp-content\/uploads\/2023\/01\/Factris-naujienos-4.jpg\",\"datePublished\":\"2015-04-29T16:28:00+00:00\",\"dateModified\":\"2023-01-10T10:14:21+00:00\",\"description\":\"Smulkus ir vidutinis verslas (SVV) yra itin svarbus \u0161alies ekonomikai ir apima beveik visas Lietuvoje veikian\u010dias \u012fmones (99.8%).\",\"breadcrumb\":{\"@id\":\"https:\/\/www.factris.com\/lt\/naujienos\/svv-svarbiausia-ekonomikos-dalis\/#breadcrumb\"},\"inLanguage\":\"lt-LT\",\"potentialAction\":[{\"@type\":\"ReadAction\",\"target\":[\"https:\/\/www.factris.com\/lt\/naujienos\/svv-svarbiausia-ekonomikos-dalis\/\"]}]},{\"@type\":\"ImageObject\",\"inLanguage\":\"lt-LT\",\"@id\":\"https:\/\/www.factris.com\/lt\/naujienos\/svv-svarbiausia-ekonomikos-dalis\/#primaryimage\",\"url\":\"https:\/\/www.factris.com\/wp-content\/uploads\/2023\/01\/Factris-naujienos-4.jpg\",\"contentUrl\":\"https:\/\/www.factris.com\/wp-content\/uploads\/2023\/01\/Factris-naujienos-4.jpg\",\"width\":980,\"height\":654},{\"@type\":\"BreadcrumbList\",\"@id\":\"https:\/\/www.factris.com\/lt\/naujienos\/svv-svarbiausia-ekonomikos-dalis\/#breadcrumb\",\"itemListElement\":[{\"@type\":\"ListItem\",\"position\":1,\"name\":\"Home\",\"item\":\"https:\/\/www.factris.com\/lt\/\"},{\"@type\":\"ListItem\",\"position\":2,\"name\":\"Finansavimo gidas\",\"item\":\"https:\/\/www.factris.com\/lt\/category\/finansavimo-gidas\/\"},{\"@type\":\"ListItem\",\"position\":3,\"name\":\"Smulkus ir vidutinis verslas \u2013 svarbiausia ekonomikos dalis\"}]},{\"@type\":\"WebSite\",\"@id\":\"https:\/\/www.factris.com\/lt\/#website\",\"url\":\"https:\/\/www.factris.com\/lt\/\",\"name\":\"Factris\",\"description\":\"Your invoices. Our financing.\",\"publisher\":{\"@id\":\"https:\/\/www.factris.com\/lt\/#organization\"},\"potentialAction\":[{\"@type\":\"SearchAction\",\"target\":{\"@type\":\"EntryPoint\",\"urlTemplate\":\"https:\/\/www.factris.com\/lt\/?s={search_term_string}\"},\"query-input\":{\"@type\":\"PropertyValueSpecification\",\"valueRequired\":true,\"valueName\":\"search_term_string\"}}],\"inLanguage\":\"lt-LT\"},{\"@type\":\"Organization\",\"@id\":\"https:\/\/www.factris.com\/lt\/#organization\",\"name\":\"Factris Holding B.V.\",\"url\":\"https:\/\/www.factris.com\/lt\/\",\"logo\":{\"@type\":\"ImageObject\",\"inLanguage\":\"lt-LT\",\"@id\":\"https:\/\/www.factris.com\/lt\/#\/schema\/logo\/image\/\",\"url\":\"https:\/\/www.factris.com\/wp-content\/uploads\/2020\/12\/logo-factris-black.png\",\"contentUrl\":\"https:\/\/www.factris.com\/wp-content\/uploads\/2020\/12\/logo-factris-black.png\",\"width\":400,\"height\":73,\"caption\":\"Factris Holding B.V.\"},\"image\":{\"@id\":\"https:\/\/www.factris.com\/lt\/#\/schema\/logo\/image\/\"},\"sameAs\":[\"https:\/\/www.facebook.com\/factris\",\"https:\/\/x.com\/factris\",\"https:\/\/www.instagram.com\/factrisholding\/\",\"https:\/\/www.linkedin.com\/company\/factrisholding\",\"https:\/\/www.youtube.com\/channel\/UCFupqDt-Xo3EaKYGiqJH1nQ\"]},{\"@type\":\"Person\",\"@id\":\"https:\/\/www.factris.com\/lt\/#\/schema\/person\/db2fc8db92d6ab893732e14672c33974\",\"name\":\"admin\",\"image\":{\"@type\":\"ImageObject\",\"inLanguage\":\"lt-LT\",\"@id\":\"https:\/\/www.factris.com\/lt\/#\/schema\/person\/image\/\",\"url\":\"https:\/\/secure.gravatar.com\/avatar\/3433963ca90fbe2d073c8158fa1ae687?s=96&d=mm&r=g\",\"contentUrl\":\"https:\/\/secure.gravatar.com\/avatar\/3433963ca90fbe2d073c8158fa1ae687?s=96&d=mm&r=g\",\"caption\":\"admin\"},\"sameAs\":[\"https:\/\/www.factris.com\"]}]}<\/script>\n<!-- \/ Yoast SEO Premium plugin. -->","yoast_head_json":{"title":"Smulkusis ir vidutinis verslas - ekonomikos stuburas","description":"Smulkus ir vidutinis verslas (SVV) yra itin svarbus \u0161alies ekonomikai ir apima beveik visas Lietuvoje veikian\u010dias \u012fmones (99.8%).","robots":{"index":"index","follow":"follow","max-snippet":"max-snippet:-1","max-image-preview":"max-image-preview:large","max-video-preview":"max-video-preview:-1"},"canonical":"https:\/\/www.factris.com\/lt\/naujienos\/svv-svarbiausia-ekonomikos-dalis\/","og_locale":"lt_LT","og_type":"article","og_title":"Smulkus ir vidutinis verslas \u2013 svarbiausia ekonomikos dalis","og_description":"Smulkus ir vidutinis verslas (SVV) yra itin svarbus \u0161alies ekonomikai ir apima beveik visas Lietuvoje veikian\u010dias \u012fmones (99.8%).","og_url":"https:\/\/www.factris.com\/lt\/naujienos\/svv-svarbiausia-ekonomikos-dalis\/","og_site_name":"Factris","article_publisher":"https:\/\/www.facebook.com\/factris","article_published_time":"2015-04-29T16:28:00+00:00","article_modified_time":"2023-01-10T10:14:21+00:00","og_image":[{"width":980,"height":654,"url":"https:\/\/www.factris.com\/wp-content\/uploads\/2023\/01\/Factris-naujienos-4.jpg","type":"image\/jpeg"}],"author":"admin","twitter_card":"summary_large_image","twitter_creator":"@factris","twitter_site":"@factris","twitter_misc":{"Written by":"admin","Est. reading time":"3 minut\u0117s"},"schema":{"@context":"https:\/\/schema.org","@graph":[{"@type":"Article","@id":"https:\/\/www.factris.com\/lt\/naujienos\/svv-svarbiausia-ekonomikos-dalis\/#article","isPartOf":{"@id":"https:\/\/www.factris.com\/lt\/naujienos\/svv-svarbiausia-ekonomikos-dalis\/"},"author":{"name":"admin","@id":"https:\/\/www.factris.com\/lt\/#\/schema\/person\/db2fc8db92d6ab893732e14672c33974"},"headline":"Smulkus ir vidutinis verslas \u2013 svarbiausia ekonomikos dalis","datePublished":"2015-04-29T16:28:00+00:00","dateModified":"2023-01-10T10:14:21+00:00","mainEntityOfPage":{"@id":"https:\/\/www.factris.com\/lt\/naujienos\/svv-svarbiausia-ekonomikos-dalis\/"},"wordCount":1086,"commentCount":0,"publisher":{"@id":"https:\/\/www.factris.com\/lt\/#organization"},"image":{"@id":"https:\/\/www.factris.com\/lt\/naujienos\/svv-svarbiausia-ekonomikos-dalis\/#primaryimage"},"thumbnailUrl":"https:\/\/www.factris.com\/wp-content\/uploads\/2023\/01\/Factris-naujienos-4.jpg","keywords":["smulkus verslas","smulkusis ir vidutinis verslas"],"articleSection":["Finansavimo gidas"],"inLanguage":"lt-LT"},{"@type":"WebPage","@id":"https:\/\/www.factris.com\/lt\/naujienos\/svv-svarbiausia-ekonomikos-dalis\/","url":"https:\/\/www.factris.com\/lt\/naujienos\/svv-svarbiausia-ekonomikos-dalis\/","name":"Smulkusis ir vidutinis verslas - ekonomikos stuburas","isPartOf":{"@id":"https:\/\/www.factris.com\/lt\/#website"},"primaryImageOfPage":{"@id":"https:\/\/www.factris.com\/lt\/naujienos\/svv-svarbiausia-ekonomikos-dalis\/#primaryimage"},"image":{"@id":"https:\/\/www.factris.com\/lt\/naujienos\/svv-svarbiausia-ekonomikos-dalis\/#primaryimage"},"thumbnailUrl":"https:\/\/www.factris.com\/wp-content\/uploads\/2023\/01\/Factris-naujienos-4.jpg","datePublished":"2015-04-29T16:28:00+00:00","dateModified":"2023-01-10T10:14:21+00:00","description":"Smulkus ir vidutinis verslas (SVV) yra itin svarbus \u0161alies ekonomikai ir apima beveik visas Lietuvoje veikian\u010dias \u012fmones (99.8%).","breadcrumb":{"@id":"https:\/\/www.factris.com\/lt\/naujienos\/svv-svarbiausia-ekonomikos-dalis\/#breadcrumb"},"inLanguage":"lt-LT","potentialAction":[{"@type":"ReadAction","target":["https:\/\/www.factris.com\/lt\/naujienos\/svv-svarbiausia-ekonomikos-dalis\/"]}]},{"@type":"ImageObject","inLanguage":"lt-LT","@id":"https:\/\/www.factris.com\/lt\/naujienos\/svv-svarbiausia-ekonomikos-dalis\/#primaryimage","url":"https:\/\/www.factris.com\/wp-content\/uploads\/2023\/01\/Factris-naujienos-4.jpg","contentUrl":"https:\/\/www.factris.com\/wp-content\/uploads\/2023\/01\/Factris-naujienos-4.jpg","width":980,"height":654},{"@type":"BreadcrumbList","@id":"https:\/\/www.factris.com\/lt\/naujienos\/svv-svarbiausia-ekonomikos-dalis\/#breadcrumb","itemListElement":[{"@type":"ListItem","position":1,"name":"Home","item":"https:\/\/www.factris.com\/lt\/"},{"@type":"ListItem","position":2,"name":"Finansavimo gidas","item":"https:\/\/www.factris.com\/lt\/category\/finansavimo-gidas\/"},{"@type":"ListItem","position":3,"name":"Smulkus ir vidutinis verslas \u2013 svarbiausia ekonomikos dalis"}]},{"@type":"WebSite","@id":"https:\/\/www.factris.com\/lt\/#website","url":"https:\/\/www.factris.com\/lt\/","name":"Factris","description":"Your invoices. Our financing.","publisher":{"@id":"https:\/\/www.factris.com\/lt\/#organization"},"potentialAction":[{"@type":"SearchAction","target":{"@type":"EntryPoint","urlTemplate":"https:\/\/www.factris.com\/lt\/?s={search_term_string}"},"query-input":{"@type":"PropertyValueSpecification","valueRequired":true,"valueName":"search_term_string"}}],"inLanguage":"lt-LT"},{"@type":"Organization","@id":"https:\/\/www.factris.com\/lt\/#organization","name":"Factris Holding B.V.","url":"https:\/\/www.factris.com\/lt\/","logo":{"@type":"ImageObject","inLanguage":"lt-LT","@id":"https:\/\/www.factris.com\/lt\/#\/schema\/logo\/image\/","url":"https:\/\/www.factris.com\/wp-content\/uploads\/2020\/12\/logo-factris-black.png","contentUrl":"https:\/\/www.factris.com\/wp-content\/uploads\/2020\/12\/logo-factris-black.png","width":400,"height":73,"caption":"Factris Holding B.V."},"image":{"@id":"https:\/\/www.factris.com\/lt\/#\/schema\/logo\/image\/"},"sameAs":["https:\/\/www.facebook.com\/factris","https:\/\/x.com\/factris","https:\/\/www.instagram.com\/factrisholding\/","https:\/\/www.linkedin.com\/company\/factrisholding","https:\/\/www.youtube.com\/channel\/UCFupqDt-Xo3EaKYGiqJH1nQ"]},{"@type":"Person","@id":"https:\/\/www.factris.com\/lt\/#\/schema\/person\/db2fc8db92d6ab893732e14672c33974","name":"admin","image":{"@type":"ImageObject","inLanguage":"lt-LT","@id":"https:\/\/www.factris.com\/lt\/#\/schema\/person\/image\/","url":"https:\/\/secure.gravatar.com\/avatar\/3433963ca90fbe2d073c8158fa1ae687?s=96&d=mm&r=g","contentUrl":"https:\/\/secure.gravatar.com\/avatar\/3433963ca90fbe2d073c8158fa1ae687?s=96&d=mm&r=g","caption":"admin"},"sameAs":["https:\/\/www.factris.com"]}]}},"_links":{"self":[{"href":"https:\/\/www.factris.com\/lt\/wp-json\/wp\/v2\/posts\/3009"}],"collection":[{"href":"https:\/\/www.factris.com\/lt\/wp-json\/wp\/v2\/posts"}],"about":[{"href":"https:\/\/www.factris.com\/lt\/wp-json\/wp\/v2\/types\/post"}],"author":[{"embeddable":true,"href":"https:\/\/www.factris.com\/lt\/wp-json\/wp\/v2\/users\/1"}],"replies":[{"embeddable":true,"href":"https:\/\/www.factris.com\/lt\/wp-json\/wp\/v2\/comments?post=3009"}],"version-history":[{"count":4,"href":"https:\/\/www.factris.com\/lt\/wp-json\/wp\/v2\/posts\/3009\/revisions"}],"predecessor-version":[{"id":21667,"href":"https:\/\/www.factris.com\/lt\/wp-json\/wp\/v2\/posts\/3009\/revisions\/21667"}],"wp:featuredmedia":[{"embeddable":true,"href":"https:\/\/www.factris.com\/lt\/wp-json\/wp\/v2\/media\/21341"}],"wp:attachment":[{"href":"https:\/\/www.factris.com\/lt\/wp-json\/wp\/v2\/media?parent=3009"}],"wp:term":[{"taxonomy":"category","embeddable":true,"href":"https:\/\/www.factris.com\/lt\/wp-json\/wp\/v2\/categories?post=3009"},{"taxonomy":"post_tag","embeddable":true,"href":"https:\/\/www.factris.com\/lt\/wp-json\/wp\/v2\/tags?post=3009"}],"curies":[{"name":"wp","href":"https:\/\/api.w.org\/{rel}","templated":true}]}}