{"id":3725,"date":"2016-08-07T11:33:00","date_gmt":"2016-08-07T11:33:00","guid":{"rendered":"https:\/\/www.factris.com\/?p=3725"},"modified":"2023-01-10T09:34:08","modified_gmt":"2023-01-10T09:34:08","slug":"svv-imoniu-skaicius-lietuvoje-isaugo-5-proc-2016","status":"publish","type":"post","link":"https:\/\/www.factris.com\/lt\/naujienos\/svv-imoniu-skaicius-lietuvoje-isaugo-5-proc-2016\/","title":{"rendered":"2016 m. ma\u017e\u0173 ir vidutini\u0173 \u012fmoni\u0173 skai\u010diaus Lietuvoje i\u0161augo 5%"},"content":{"rendered":"<p>[et_pb_section fb_built=&#8221;1&#8243; _builder_version=&#8221;4.7.6&#8243; _module_preset=&#8221;default&#8221; custom_padding=&#8221;21px|||||&#8221;][et_pb_row _builder_version=&#8221;4.7.6&#8243; _module_preset=&#8221;default&#8221; max_width=&#8221;700px&#8221; custom_padding=&#8221;2px||4px|||&#8221;][et_pb_column type=&#8221;4_4&#8243; _builder_version=&#8221;4.7.6&#8243; _module_preset=&#8221;default&#8221;][et_pb_button button_url=&#8221;\/lt\/naujienos\/&#8221; button_text=&#8221; Gr\u012f\u017eti \u012f naujien\u0173 puslap\u012f&#8221; module_class=&#8221;btn-back&#8221; _builder_version=&#8221;4.8.2&#8243; _module_preset=&#8221;default&#8221; custom_button=&#8221;on&#8221; button_text_color=&#8221;#001194&#8243; button_bg_color=&#8221;rgba(0,0,0,0)&#8221; button_font=&#8221;||||on||||&#8221; button_icon=&#8221;%%2%%&#8221; button_icon_placement=&#8221;left&#8221; button_on_hover=&#8221;off&#8221; button_text_color__hover_enabled=&#8221;off|hover&#8221; custom_padding__hover_enabled=&#8221;off|desktop&#8221; custom_padding__hover=&#8221;|||59px|false|false&#8221;][\/et_pb_button][\/et_pb_column][\/et_pb_row][et_pb_row _builder_version=&#8221;4.7.6&#8243; _module_preset=&#8221;default&#8221; max_width=&#8221;700px&#8221;][et_pb_column type=&#8221;4_4&#8243; _builder_version=&#8221;4.7.6&#8243; _module_preset=&#8221;default&#8221;][et_pb_text _builder_version=&#8221;4.9.0&#8243; _module_preset=&#8221;default&#8221; header_font_size=&#8221;46px&#8221; header_line_height=&#8221;1.4em&#8221; header_2_font=&#8221;|700|||||||&#8221; header_2_text_color=&#8221;#000a54&#8243; header_2_font_size=&#8221;27px&#8221; header_2_line_height=&#8221;1.3em&#8221; header_3_text_color=&#8221;#000a54&#8243; header_3_font_size=&#8221;25px&#8221; header_3_line_height=&#8221;35px&#8221; header_4_text_color=&#8221;#000a54&#8243; header_4_font_size=&#8221;21px&#8221; header_4_line_height=&#8221;29px&#8221; hover_enabled=&#8221;0&#8243; sticky_enabled=&#8221;0&#8243;]<\/p>\n<h2>Lietuvos ekonomikai i\u0161laikant stabil\u0173 augimo temp\u0105, optimistin\u0117s nuotaikos atsispindi ir \u012fmoni\u0173 duomen\u0173 statistikoje \u2013 lyginant su 2015 m., per pirm\u0105j\u012f 2016 m. pusmet\u012f ma\u017e\u0173 ir vidutini\u0173 \u012fmoni\u0173 skai\u010dius i\u0161augo 4,5 proc. I\u0161 viso buvo \u012fsteigtos 3395 \u012fmon\u0117s.<\/h2>\n<h4><strong>Populiariausia \u012fmoni\u0173 teisin\u0117 forma i\u0161lieka u\u017edaroji akcin\u0117 bendrov\u0117. Toki\u0173 \u012fmoni\u0173 buvo \u012fsteigta 2652, ir j\u0173 skai\u010dius i\u0161augo 4,3 proc. \u017denkliai padid\u0117jo ir ma\u017e\u0173j\u0173 bendrij\u0173 skai\u010dius \u2013 per pusmet\u012f j\u0173 \u012fsteigta 1022, t.y. 46,4 proc. daugiau nei buvo 2015 m.<\/strong><\/h4>\n<p>Tuo tarpu individuali\u0173 \u012fmoni\u0173 skai\u010dius suma\u017e\u0117jo 2,9 proc. \u2013 buvo likviduotos 293 \u012fmon\u0117s. Tam \u012ftakos gal\u0117jo tur\u0117ti socialinio draudimo \u012fmok\u0173 padidinimas individuali\u0173 \u012fmoni\u0173 savininkams. Nusta\u010dius, kad valstybinio socialinio draudimo ir privalomo sveikatos draudimo \u012fmokos turi b\u016bti mokamos kas m\u0117nes\u012f nuo minimalios m\u0117nesin\u0117s algos dyd\u017eio net jei savininkas tokios sumos sau nei\u0161simoka ir net jei toki\u0173 pajam\u0173 negauna, padid\u0117jusi mokestin\u0117 na\u0161ta gal\u0117jo lemti ma\u017eas pajamas gaunan\u010di\u0173 individuali\u0173 \u012fmoni\u0173 veiklos nutraukim\u0105. Individuali\u0173 \u012fmoni\u0173 ma\u017e\u0117jim\u0105 gal\u0117jo lemti ir tai, kad verslininkams vis ma\u017eiau priimtina yra neribota civilin\u0117 atsakomyb\u0117, kai nes\u0117km\u0117s atveju verslininkas rizikuoja ne tik \u012fmon\u0117s, ta\u010diau ir savo asmeniniu turtu.<\/p>\n<p>\u017dem\u0117s \u016bkio bendrovi\u0173 skai\u010dius i\u0161augo 7,1 proc. \u2013 padid\u0117jo nuo 396 iki 424 \u012fmoni\u0173.<\/p>\n<p>Daugiausia nauj\u0173 \u012fmoni\u0173 u\u017esiima didmenine ir ma\u017emenine prekyba (823 vnt. arba 3,4 proc. daugiau nei 2015 m.), profesine, moksline ir technine veikla (602 vnt., 7 proc. daugiau nei 2015 m.). \u0160vietimo veikla u\u017esiiman\u010di\u0173 \u012fmoni\u0173 skai\u010dius i\u0161augo 11,5 proc. (nuo 565 iki 630), o menine, pramogine ir poilsio organizavimo veikla \u2013 net 13,7 proc. (nuo 613 iki 697). 244 naujai \u012fsteigtos \u012fmon\u0117s vykdo administracin\u0119 ir aptarnavimo veikl\u0105 \u2013 j\u0173 skai\u010dius i\u0161augo 8,9 proc., o 225 naujos \u012fmon\u0117s u\u017esiima informacija ir ry\u0161iais \u2013 toki\u0173 \u012fmoni\u0173 \u0161iemet yra 8,4 proc. daugiau nei pernai. Apskritai \u012fmoni\u0173 skai\u010dius did\u0117jo visose veikl\u0173 srityse, i\u0161skyrus vie\u0161\u0105j\u012f valdym\u0105 ir gynyb\u0105, kur \u012fmoni\u0173 skai\u010dius suma\u017e\u0117jo nuo 4 iki 3.<\/p>\n<p>&nbsp;<\/p>\n<table class=\"table-brand\">\n<tbody>\n<tr>\n<th>Ekonomikos veikla (EVRK 2) &#8211; 2016 m. pr.<\/th>\n<th>\u012emoni\u0173 skai\u010dius<\/th>\n<th>Pokytis (vnt.)<\/th>\n<th>Pokytis (%)<\/th>\n<\/tr>\n<tr>\n<td>Didmenin\u0117 ir ma\u017emenin\u0117 prekyba<\/td>\n<td>25034<\/td>\n<td>823<\/td>\n<td>3.4%<\/td>\n<\/tr>\n<tr>\n<td>Profesin\u0117; mokslin\u0117 ir technin\u0117 veikla<\/td>\n<td>9254<\/td>\n<td>602<\/td>\n<td>7%<\/td>\n<\/tr>\n<tr>\n<td>Statyba<\/td>\n<td>7274<\/td>\n<td>326<\/td>\n<td>4.7%<\/td>\n<\/tr>\n<tr>\n<td>Transportas ir saugojimas<\/td>\n<td>7543<\/td>\n<td>154<\/td>\n<td>2.1%<\/td>\n<\/tr>\n<tr>\n<td>Apdirbamoji gamyba<\/td>\n<td>7523<\/td>\n<td>148<\/td>\n<td>2%<\/td>\n<\/tr>\n<tr>\n<td>Nekilnojamojo turto operacijos<\/td>\n<td>4468<\/td>\n<td>265<\/td>\n<td>6.3%<\/td>\n<\/tr>\n<tr>\n<td>Administracin\u0117 ir aptarnavimo veikla<\/td>\n<td>3000<\/td>\n<td>244<\/td>\n<td>8.9%<\/td>\n<\/tr>\n<tr>\n<td>Informacija ir ry\u0161iai<\/td>\n<td>2890<\/td>\n<td>225<\/td>\n<td>8.4%<\/td>\n<\/tr>\n<tr>\n<td>Elektros; duj\u0173; garo tiekimas kondicionavimas<\/td>\n<td>1040<\/td>\n<td>32<\/td>\n<td>3.2%<\/td>\n<\/tr>\n<tr>\n<td>Apgyvendinimo ir maitinimo paslaug\u0173 veikla<\/td>\n<td>3397<\/td>\n<td>103<\/td>\n<td>3.1%<\/td>\n<\/tr>\n<tr>\n<td>\u017dem\u0117s \u016bkis; mi\u0161kininkyst\u0117 ir \u017euvininkyst\u0117<\/td>\n<td>2233<\/td>\n<td>124<\/td>\n<td>5.9%<\/td>\n<\/tr>\n<tr>\n<td>Kita aptarnavimo veikla<\/td>\n<td>1368<\/td>\n<td>55<\/td>\n<td>4.2%<\/td>\n<\/tr>\n<tr>\n<td>Menin\u0117; pramogin\u0117 ir poilsio veikla<\/td>\n<td>697<\/td>\n<td>84<\/td>\n<td>13.7%<\/td>\n<\/tr>\n<tr>\n<td>\u017dmoni\u0173 sveikatos prie\u017ei\u016bra<\/td>\n<td>1850<\/td>\n<td>91<\/td>\n<td>5.2%<\/td>\n<\/tr>\n<tr>\n<td>\u0160vietimas<\/td>\n<td>630<\/td>\n<td>65<\/td>\n<td>11.5%<\/td>\n<\/tr>\n<tr>\n<td>Finansin\u0117 ir draudimo veikla<\/td>\n<td>765<\/td>\n<td>37.5<\/td>\n<td>5.1%<\/td>\n<\/tr>\n<tr>\n<td>Vandens tiekimas; atliek\u0173 tvarkymas<\/td>\n<td>380<\/td>\n<td>1<\/td>\n<td>3%<\/td>\n<\/tr>\n<tr>\n<td>Kasyba ir karjer\u0173 eksploatavimas<\/td>\n<td>123<\/td>\n<td>17<\/td>\n<td>16%<\/td>\n<\/tr>\n<tr>\n<td>Vie\u0161asis valdymas ir gynyba<\/td>\n<td>3<\/td>\n<td>-1<\/td>\n<td>-25%<\/td>\n<\/tr>\n<tr>\n<td>Lietuvoje veikian\u010di\u0173 \u012fmoni\u0173 skai\u010dius<\/td>\n<td>79472<\/td>\n<td>3395<\/td>\n<td>4.5%<\/td>\n<\/tr>\n<\/tbody>\n<\/table>\n<p><a href=\"https:\/\/debifo.lt\/2015-mazu-ir-vidutiniu-imoniu-skaicius-lietuvoje-isaugo-12-proc\/\">2015 m.\u00a0ma\u017e\u0173 ir vidutini\u0173 \u012fmoni\u0173 skai\u010di\u0173 ir statistik\u0105 galite rasti \u010dia.<\/a><\/p>\n<p>[\/et_pb_text][\/et_pb_column][\/et_pb_row][et_pb_row _builder_version=&#8221;4.7.6&#8243; _module_preset=&#8221;default&#8221; max_width=&#8221;700px&#8221; custom_padding=&#8221;2px||4px|||&#8221;][et_pb_column type=&#8221;4_4&#8243; _builder_version=&#8221;4.7.6&#8243; _module_preset=&#8221;default&#8221;][et_pb_button button_url=&#8221;\/lt\/naujienos\/&#8221; button_text=&#8221; Gr\u012f\u017eti \u012f naujien\u0173 puslap\u012f&#8221; module_class=&#8221;btn-back&#8221; _builder_version=&#8221;4.8.2&#8243; _module_preset=&#8221;default&#8221; custom_button=&#8221;on&#8221; button_text_color=&#8221;#001194&#8243; button_bg_color=&#8221;rgba(0,0,0,0)&#8221; button_font=&#8221;||||on||||&#8221; button_icon=&#8221;%%2%%&#8221; button_icon_placement=&#8221;left&#8221; button_on_hover=&#8221;off&#8221; button_text_color__hover_enabled=&#8221;off|hover&#8221; custom_padding__hover_enabled=&#8221;off|desktop&#8221; custom_padding__hover=&#8221;|||59px|false|false&#8221;][\/et_pb_button][\/et_pb_column][\/et_pb_row][\/et_pb_section][et_pb_section fb_built=&#8221;1&#8243; _builder_version=&#8221;4.7.6&#8243; _module_preset=&#8221;default&#8221; background_color=&#8221;#000A54&#8243; custom_padding=&#8221;20vh||20vh||true|false&#8221; global_module=&#8221;2087&#8243;][et_pb_row _builder_version=&#8221;4.7.6&#8243; _module_preset=&#8221;default&#8221; custom_padding=&#8221;0px||0px||true|false&#8221;][et_pb_column type=&#8221;4_4&#8243; _builder_version=&#8221;4.7.6&#8243; _module_preset=&#8221;default&#8221;][et_pb_text _builder_version=&#8221;4.9.0&#8243; _module_preset=&#8221;default&#8221; header_font=&#8221;|700|||||||&#8221; header_text_color=&#8221;#ffffff&#8221; header_font_size=&#8221;46px&#8221; header_line_height=&#8221;2em&#8221; header_2_font=&#8221;|700|||||||&#8221; header_2_text_color=&#8221;#ffffff&#8221; header_2_font_size=&#8221;46px&#8221; header_2_line_height=&#8221;2em&#8221; header_3_font=&#8221;|700|||||||&#8221; header_3_text_align=&#8221;center&#8221; header_3_text_color=&#8221;#ffffff&#8221; header_3_font_size=&#8221;25px&#8221; header_font_tablet=&#8221;&#8221; header_font_phone=&#8221;&#8221; header_font_last_edited=&#8221;on|desktop&#8221; header_line_height_tablet=&#8221;1.8em&#8221; header_line_height_phone=&#8221;1.4em&#8221; header_line_height_last_edited=&#8221;on|phone&#8221; header_2_font_size_tablet=&#8221;&#8221; header_2_font_size_phone=&#8221;32px&#8221; header_2_font_size_last_edited=&#8221;on|phone&#8221; header_3_font_tablet=&#8221;&#8221; header_3_font_phone=&#8221;&#8221; header_3_font_last_edited=&#8221;on|phone&#8221; header_3_line_height_tablet=&#8221;&#8221; header_3_line_height_phone=&#8221;1.8em&#8221; header_3_line_height_last_edited=&#8221;on|phone&#8221;]<\/p>\n<h2 style=\"text-align: center;\">Papasakokite savo verslo istorij\u0105<\/h2>\n<h3 style=\"text-align: center;\">Su faktoringu skol\u0105 paverskite apyvartin\u0117mis l\u0117\u0161omis<\/h3>\n<p>[\/et_pb_text][et_pb_button button_url=&#8221;\/lt\/finansavimo-kriterijai\/&#8221; button_text=&#8221;Pa\u017ei\u016br\u0117kite, ar atitinkate s\u0105lygas&#8221; button_alignment=&#8221;center&#8221; module_class=&#8221;btn-tertiary-2&#8243; _builder_version=&#8221;4.9.0&#8243; _module_preset=&#8221;default&#8221; custom_button=&#8221;on&#8221; button_text_color=&#8221;#ffffff&#8221; button_bg_color=&#8221;rgba(0,0,0,0)&#8221; button_font=&#8221;||||on||||&#8221; button_icon=&#8221;%%3%%&#8221; button_icon_color=&#8221;#ffffff&#8221; button_on_hover=&#8221;off&#8221; custom_margin=&#8221;||20px|||&#8221; custom_padding=&#8221;0px|0px|0px|0px|true|true&#8221;][\/et_pb_button][et_pb_button button_url=&#8221;https:\/\/onboarding.factris.com\/lt\/sign-up&#8221; button_text=&#8221;Finansuokite pirm\u0105j\u0105 s\u0105skait\u0105&#8221; button_alignment=&#8221;center&#8221; _builder_version=&#8221;4.9.0&#8243; _module_preset=&#8221;default&#8221; button_icon=&#8221;%%3%%&#8221; button_icon_color=&#8221;#353540&#8243; button_on_hover=&#8221;off&#8221; custom_margin=&#8221;||18px|||&#8221; custom_padding=&#8221;10px|40px|10px|25px|true|false&#8221; custom_padding__hover_enabled=&#8221;on|hover&#8221; custom_padding__hover=&#8221;|50px|||true|false&#8221;][\/et_pb_button][\/et_pb_column][\/et_pb_row][\/et_pb_section]<\/p>\n","protected":false},"excerpt":{"rendered":"<p>Lietuvos ekonomikai i\u0161laikant stabil\u0173 augimo temp\u0105, optimistin\u0117s nuotaikos atsispindi ir \u012fmoni\u0173 duomen\u0173 statistikoje \u2013 lyginant su 2015 m., per pirm\u0105j\u012f 2016 m. pusmet\u012f ma\u017e\u0173 ir vidutini\u0173 \u012fmoni\u0173 skai\u010dius i\u0161augo 4,5 proc. I\u0161 viso buvo \u012fsteigtos 3395 \u012fmon\u0117s. Populiariausia \u012fmoni\u0173 teisin\u0117 forma i\u0161lieka u\u017edaroji akcin\u0117 bendrov\u0117. Toki\u0173 \u012fmoni\u0173 buvo \u012fsteigta 2652, ir j\u0173 skai\u010dius i\u0161augo 4,3 [&hellip;]<\/p>\n","protected":false},"author":1,"featured_media":21202,"comment_status":"open","ping_status":"open","sticky":false,"template":"","format":"standard","meta":{"_et_pb_use_builder":"on","_et_pb_old_content":"<!-- wp:paragraph -->\n<p><strong>Advisory board<\/strong><\/p>\n<!-- \/wp:paragraph -->\n\n<!-- wp:paragraph -->\n<p><strong>Brian Reaves <\/strong>Chief Executive Officer<\/p>\n<!-- \/wp:paragraph -->\n\n<!-- wp:paragraph -->\n<p>Serial entrepreneur and investor in the mobile and payments space. Brian was involved in building 21 prior businesses including 15 mobile networks and 4 payment companies.<\/p>\n<!-- \/wp:paragraph -->\n\n<!-- wp:paragraph -->\n<p><strong>Adam Posma <\/strong>Founder and Chief Product Officer of ClubCollect<\/p>\n<!-- \/wp:paragraph -->\n\n<!-- wp:paragraph -->\n<p>Adam founded ClubCollect in 2013 - a provider of membership fee collection services for sports clubs. He started his career in wealth management at BNP Paribas.<\/p>\n<!-- \/wp:paragraph -->\n\n<!-- wp:paragraph -->\n<p><strong>Dr. Tom F. Lesche <\/strong>Principal at Speedinvest<\/p>\n<!-- \/wp:paragraph -->\n\n<!-- wp:paragraph -->\n<p>Tom started his career in investment banking. Most recently, he was a Vice President at Morgan Stanley in London, advising financial technology companies on a variety of capital markets and M&amp;A transactions. At Speedinvest, he solely focuses on investments in European fintech companies.<\/p>\n<!-- \/wp:paragraph -->\n\n<!-- wp:paragraph -->\n<p><strong>Donatas Juodelis <\/strong>Founder of Debifo<\/p>\n<!-- \/wp:paragraph -->\n\n<!-- wp:paragraph -->\n<p>Donatas started his career as a lawyer but quickly moved to entrepreneurship and investments. Co-founded IT company INNTEC, co-founded factoring company Debifo and a couple of other successful startups. In most of the companies, Donatas was responsible for business and corporate development.<\/p>\n<!-- \/wp:paragraph -->\n\n<!-- wp:paragraph -->\n<p><strong>Faisal Hakki <\/strong>Managing director at AB Ventures<\/p>\n<!-- \/wp:paragraph -->\n\n<!-- wp:paragraph -->\n<p>Faisal is Managing Director at AB Ventures, the FinTech focused, early-stage Venture Capital arm of Arab Bank. Prior to joining AB Ventures, Faisal was CEO at Oasis500 \u2013 the leading seed-stage investment fund and accelerator in Jordan. Faisal has also held senior positions at Accelerator Technology Holdings, Arab Advisors Group and Fastlin.<\/p>\n<!-- \/wp:paragraph -->\n\n<!-- wp:paragraph -->\n<p><strong>Brian Reaves <\/strong>Chief Executive Officer<\/p>\n<!-- \/wp:paragraph -->\n\n<!-- wp:paragraph -->\n<p>Serial entrepreneur and investor in the mobile and payments space. Brian was involved in building 21 prior businesses including 15 mobile networks and 4 payment companies.<\/p>\n<!-- \/wp:paragraph -->\n\n<!-- wp:paragraph -->\n<p><strong>Adam Posma <\/strong>Founder and Chief Product Officer of ClubCollect<\/p>\n<!-- \/wp:paragraph -->\n\n<!-- wp:paragraph -->\n<p>Adam founded ClubCollect in 2013 - a provider of membership fee collection services for sports clubs. He started his career in wealth management at BNP Paribas.<\/p>\n<!-- \/wp:paragraph -->\n\n<!-- wp:paragraph -->\n<p><strong>Dr. Tom F. Lesche <\/strong>Principal at Speedinvest<\/p>\n<!-- \/wp:paragraph -->\n\n<!-- wp:paragraph -->\n<p>Tom started his career in investment banking. Most recently, he was a Vice President at Morgan Stanley in London, advising financial technology companies on a variety of capital markets and M&amp;A transactions. At Speedinvest, he solely focuses on investments in European fintech companies.<\/p>\n<!-- \/wp:paragraph -->\n\n<!-- wp:paragraph -->\n<p><strong>Donatas Juodelis <\/strong>Founder of Debifo<\/p>\n<!-- \/wp:paragraph -->\n\n<!-- wp:paragraph -->\n<p>Donatas started his career as a lawyer but quickly moved to entrepreneurship and investments. Co-founded IT company INNTEC, co-founded factoring company Debifo and a couple of other successful startups. In most of the companies, Donatas was responsible for business and corporate development.<\/p>\n<!-- \/wp:paragraph -->\n\n<!-- wp:paragraph -->\n<p><strong>Faisal Hakki <\/strong>Managing director at AB Ventures<\/p>\n<!-- \/wp:paragraph -->\n\n<!-- wp:paragraph -->\n<p>Faisal is Managing Director at AB Ventures, the FinTech focused, early-stage Venture Capital arm of Arab Bank. Prior to joining AB Ventures, Faisal was CEO at Oasis500 \u2013 the leading seed-stage investment fund and accelerator in Jordan. Faisal has also held senior positions at Accelerator Technology Holdings, Arab Advisors Group and Fastlin.<\/p>\n<!-- \/wp:paragraph -->\n\n<!-- wp:paragraph -->\n<p><\/p>\n<!-- \/wp:paragraph -->","_et_gb_content_width":"2880","footnotes":""},"categories":[36],"tags":[50,48],"yoast_head":"<!-- This site is optimized with the Yoast SEO Premium plugin v22.2 (Yoast SEO v24.5) - https:\/\/yoast.com\/wordpress\/plugins\/seo\/ -->\n<title>Ma\u017e\u0173 ir vidutini\u0173 \u012fmoni\u0173 skai\u010dius Lietuvoje 2016 m. i\u0161augo 5 %<\/title>\n<meta name=\"description\" content=\"Lietuvos ekonomikai i\u0161laikant stabil\u0173 augimo temp\u0105, per pirm\u0105j\u012f 2016 m. pusmet\u012f ma\u017e\u0173 ir vidutini\u0173 \u012fmoni\u0173 skai\u010dius i\u0161augo 4,5 proc.\" \/>\n<meta name=\"robots\" content=\"index, follow, max-snippet:-1, max-image-preview:large, max-video-preview:-1\" \/>\n<link rel=\"canonical\" href=\"https:\/\/www.factris.com\/lt\/naujienos\/svv-imoniu-skaicius-lietuvoje-isaugo-5-proc-2016\/\" \/>\n<meta property=\"og:locale\" content=\"lt_LT\" \/>\n<meta property=\"og:type\" content=\"article\" \/>\n<meta property=\"og:title\" content=\"2016 m. ma\u017e\u0173 ir vidutini\u0173 \u012fmoni\u0173 skai\u010diaus Lietuvoje i\u0161augo 5%\" \/>\n<meta property=\"og:description\" content=\"Lietuvos ekonomikai i\u0161laikant stabil\u0173 augimo temp\u0105, per pirm\u0105j\u012f 2016 m. pusmet\u012f ma\u017e\u0173 ir vidutini\u0173 \u012fmoni\u0173 skai\u010dius i\u0161augo 4,5 proc.\" \/>\n<meta property=\"og:url\" content=\"https:\/\/www.factris.com\/lt\/naujienos\/svv-imoniu-skaicius-lietuvoje-isaugo-5-proc-2016\/\" \/>\n<meta property=\"og:site_name\" content=\"Factris\" \/>\n<meta property=\"article:publisher\" content=\"https:\/\/www.facebook.com\/factris\" \/>\n<meta property=\"article:published_time\" content=\"2016-08-07T11:33:00+00:00\" \/>\n<meta property=\"article:modified_time\" content=\"2023-01-10T09:34:08+00:00\" \/>\n<meta property=\"og:image\" content=\"https:\/\/www.factris.com\/wp-content\/uploads\/2023\/01\/factris-5.jpg\" \/>\n\t<meta property=\"og:image:width\" content=\"980\" \/>\n\t<meta property=\"og:image:height\" content=\"654\" \/>\n\t<meta property=\"og:image:type\" content=\"image\/jpeg\" \/>\n<meta name=\"author\" content=\"admin\" \/>\n<meta name=\"twitter:card\" content=\"summary_large_image\" \/>\n<meta name=\"twitter:creator\" content=\"@factris\" \/>\n<meta name=\"twitter:site\" content=\"@factris\" \/>\n<meta name=\"twitter:label1\" content=\"Written by\" \/>\n\t<meta name=\"twitter:data1\" content=\"admin\" \/>\n\t<meta name=\"twitter:label2\" content=\"Est. reading time\" \/>\n\t<meta name=\"twitter:data2\" content=\"3 minut\u0117s\" \/>\n<script type=\"application\/ld+json\" class=\"yoast-schema-graph\">{\"@context\":\"https:\/\/schema.org\",\"@graph\":[{\"@type\":\"Article\",\"@id\":\"https:\/\/www.factris.com\/lt\/naujienos\/svv-imoniu-skaicius-lietuvoje-isaugo-5-proc-2016\/#article\",\"isPartOf\":{\"@id\":\"https:\/\/www.factris.com\/lt\/naujienos\/svv-imoniu-skaicius-lietuvoje-isaugo-5-proc-2016\/\"},\"author\":{\"name\":\"admin\",\"@id\":\"https:\/\/www.factris.com\/lt\/#\/schema\/person\/db2fc8db92d6ab893732e14672c33974\"},\"headline\":\"2016 m. ma\u017e\u0173 ir vidutini\u0173 \u012fmoni\u0173 skai\u010diaus Lietuvoje i\u0161augo 5%\",\"datePublished\":\"2016-08-07T11:33:00+00:00\",\"dateModified\":\"2023-01-10T09:34:08+00:00\",\"mainEntityOfPage\":{\"@id\":\"https:\/\/www.factris.com\/lt\/naujienos\/svv-imoniu-skaicius-lietuvoje-isaugo-5-proc-2016\/\"},\"wordCount\":1050,\"commentCount\":0,\"publisher\":{\"@id\":\"https:\/\/www.factris.com\/lt\/#organization\"},\"image\":{\"@id\":\"https:\/\/www.factris.com\/lt\/naujienos\/svv-imoniu-skaicius-lietuvoje-isaugo-5-proc-2016\/#primaryimage\"},\"thumbnailUrl\":\"https:\/\/www.factris.com\/wp-content\/uploads\/2023\/01\/factris-5.jpg\",\"keywords\":[\"smulkus verslas\",\"smulkusis ir vidutinis verslas\"],\"articleSection\":[\"Finansavimo gidas\"],\"inLanguage\":\"lt-LT\"},{\"@type\":\"WebPage\",\"@id\":\"https:\/\/www.factris.com\/lt\/naujienos\/svv-imoniu-skaicius-lietuvoje-isaugo-5-proc-2016\/\",\"url\":\"https:\/\/www.factris.com\/lt\/naujienos\/svv-imoniu-skaicius-lietuvoje-isaugo-5-proc-2016\/\",\"name\":\"Ma\u017e\u0173 ir vidutini\u0173 \u012fmoni\u0173 skai\u010dius Lietuvoje 2016 m. i\u0161augo 5 %\",\"isPartOf\":{\"@id\":\"https:\/\/www.factris.com\/lt\/#website\"},\"primaryImageOfPage\":{\"@id\":\"https:\/\/www.factris.com\/lt\/naujienos\/svv-imoniu-skaicius-lietuvoje-isaugo-5-proc-2016\/#primaryimage\"},\"image\":{\"@id\":\"https:\/\/www.factris.com\/lt\/naujienos\/svv-imoniu-skaicius-lietuvoje-isaugo-5-proc-2016\/#primaryimage\"},\"thumbnailUrl\":\"https:\/\/www.factris.com\/wp-content\/uploads\/2023\/01\/factris-5.jpg\",\"datePublished\":\"2016-08-07T11:33:00+00:00\",\"dateModified\":\"2023-01-10T09:34:08+00:00\",\"description\":\"Lietuvos ekonomikai i\u0161laikant stabil\u0173 augimo temp\u0105, per pirm\u0105j\u012f 2016 m. pusmet\u012f ma\u017e\u0173 ir vidutini\u0173 \u012fmoni\u0173 skai\u010dius i\u0161augo 4,5 proc.\",\"breadcrumb\":{\"@id\":\"https:\/\/www.factris.com\/lt\/naujienos\/svv-imoniu-skaicius-lietuvoje-isaugo-5-proc-2016\/#breadcrumb\"},\"inLanguage\":\"lt-LT\",\"potentialAction\":[{\"@type\":\"ReadAction\",\"target\":[\"https:\/\/www.factris.com\/lt\/naujienos\/svv-imoniu-skaicius-lietuvoje-isaugo-5-proc-2016\/\"]}]},{\"@type\":\"ImageObject\",\"inLanguage\":\"lt-LT\",\"@id\":\"https:\/\/www.factris.com\/lt\/naujienos\/svv-imoniu-skaicius-lietuvoje-isaugo-5-proc-2016\/#primaryimage\",\"url\":\"https:\/\/www.factris.com\/wp-content\/uploads\/2023\/01\/factris-5.jpg\",\"contentUrl\":\"https:\/\/www.factris.com\/wp-content\/uploads\/2023\/01\/factris-5.jpg\",\"width\":980,\"height\":654},{\"@type\":\"BreadcrumbList\",\"@id\":\"https:\/\/www.factris.com\/lt\/naujienos\/svv-imoniu-skaicius-lietuvoje-isaugo-5-proc-2016\/#breadcrumb\",\"itemListElement\":[{\"@type\":\"ListItem\",\"position\":1,\"name\":\"Home\",\"item\":\"https:\/\/www.factris.com\/lt\/\"},{\"@type\":\"ListItem\",\"position\":2,\"name\":\"Finansavimo gidas\",\"item\":\"https:\/\/www.factris.com\/lt\/category\/finansavimo-gidas\/\"},{\"@type\":\"ListItem\",\"position\":3,\"name\":\"2016 m. ma\u017e\u0173 ir vidutini\u0173 \u012fmoni\u0173 skai\u010diaus Lietuvoje i\u0161augo 5%\"}]},{\"@type\":\"WebSite\",\"@id\":\"https:\/\/www.factris.com\/lt\/#website\",\"url\":\"https:\/\/www.factris.com\/lt\/\",\"name\":\"Factris\",\"description\":\"Your invoices. Our financing.\",\"publisher\":{\"@id\":\"https:\/\/www.factris.com\/lt\/#organization\"},\"potentialAction\":[{\"@type\":\"SearchAction\",\"target\":{\"@type\":\"EntryPoint\",\"urlTemplate\":\"https:\/\/www.factris.com\/lt\/?s={search_term_string}\"},\"query-input\":{\"@type\":\"PropertyValueSpecification\",\"valueRequired\":true,\"valueName\":\"search_term_string\"}}],\"inLanguage\":\"lt-LT\"},{\"@type\":\"Organization\",\"@id\":\"https:\/\/www.factris.com\/lt\/#organization\",\"name\":\"Factris Holding B.V.\",\"url\":\"https:\/\/www.factris.com\/lt\/\",\"logo\":{\"@type\":\"ImageObject\",\"inLanguage\":\"lt-LT\",\"@id\":\"https:\/\/www.factris.com\/lt\/#\/schema\/logo\/image\/\",\"url\":\"https:\/\/www.factris.com\/wp-content\/uploads\/2020\/12\/logo-factris-black.png\",\"contentUrl\":\"https:\/\/www.factris.com\/wp-content\/uploads\/2020\/12\/logo-factris-black.png\",\"width\":400,\"height\":73,\"caption\":\"Factris Holding B.V.\"},\"image\":{\"@id\":\"https:\/\/www.factris.com\/lt\/#\/schema\/logo\/image\/\"},\"sameAs\":[\"https:\/\/www.facebook.com\/factris\",\"https:\/\/x.com\/factris\",\"https:\/\/www.instagram.com\/factrisholding\/\",\"https:\/\/www.linkedin.com\/company\/factrisholding\",\"https:\/\/www.youtube.com\/channel\/UCFupqDt-Xo3EaKYGiqJH1nQ\"]},{\"@type\":\"Person\",\"@id\":\"https:\/\/www.factris.com\/lt\/#\/schema\/person\/db2fc8db92d6ab893732e14672c33974\",\"name\":\"admin\",\"image\":{\"@type\":\"ImageObject\",\"inLanguage\":\"lt-LT\",\"@id\":\"https:\/\/www.factris.com\/lt\/#\/schema\/person\/image\/\",\"url\":\"https:\/\/secure.gravatar.com\/avatar\/3433963ca90fbe2d073c8158fa1ae687?s=96&d=mm&r=g\",\"contentUrl\":\"https:\/\/secure.gravatar.com\/avatar\/3433963ca90fbe2d073c8158fa1ae687?s=96&d=mm&r=g\",\"caption\":\"admin\"},\"sameAs\":[\"https:\/\/www.factris.com\"]}]}<\/script>\n<!-- \/ Yoast SEO Premium plugin. -->","yoast_head_json":{"title":"Ma\u017e\u0173 ir vidutini\u0173 \u012fmoni\u0173 skai\u010dius Lietuvoje 2016 m. i\u0161augo 5 %","description":"Lietuvos ekonomikai i\u0161laikant stabil\u0173 augimo temp\u0105, per pirm\u0105j\u012f 2016 m. pusmet\u012f ma\u017e\u0173 ir vidutini\u0173 \u012fmoni\u0173 skai\u010dius i\u0161augo 4,5 proc.","robots":{"index":"index","follow":"follow","max-snippet":"max-snippet:-1","max-image-preview":"max-image-preview:large","max-video-preview":"max-video-preview:-1"},"canonical":"https:\/\/www.factris.com\/lt\/naujienos\/svv-imoniu-skaicius-lietuvoje-isaugo-5-proc-2016\/","og_locale":"lt_LT","og_type":"article","og_title":"2016 m. ma\u017e\u0173 ir vidutini\u0173 \u012fmoni\u0173 skai\u010diaus Lietuvoje i\u0161augo 5%","og_description":"Lietuvos ekonomikai i\u0161laikant stabil\u0173 augimo temp\u0105, per pirm\u0105j\u012f 2016 m. pusmet\u012f ma\u017e\u0173 ir vidutini\u0173 \u012fmoni\u0173 skai\u010dius i\u0161augo 4,5 proc.","og_url":"https:\/\/www.factris.com\/lt\/naujienos\/svv-imoniu-skaicius-lietuvoje-isaugo-5-proc-2016\/","og_site_name":"Factris","article_publisher":"https:\/\/www.facebook.com\/factris","article_published_time":"2016-08-07T11:33:00+00:00","article_modified_time":"2023-01-10T09:34:08+00:00","og_image":[{"width":980,"height":654,"url":"https:\/\/www.factris.com\/wp-content\/uploads\/2023\/01\/factris-5.jpg","type":"image\/jpeg"}],"author":"admin","twitter_card":"summary_large_image","twitter_creator":"@factris","twitter_site":"@factris","twitter_misc":{"Written by":"admin","Est. reading time":"3 minut\u0117s"},"schema":{"@context":"https:\/\/schema.org","@graph":[{"@type":"Article","@id":"https:\/\/www.factris.com\/lt\/naujienos\/svv-imoniu-skaicius-lietuvoje-isaugo-5-proc-2016\/#article","isPartOf":{"@id":"https:\/\/www.factris.com\/lt\/naujienos\/svv-imoniu-skaicius-lietuvoje-isaugo-5-proc-2016\/"},"author":{"name":"admin","@id":"https:\/\/www.factris.com\/lt\/#\/schema\/person\/db2fc8db92d6ab893732e14672c33974"},"headline":"2016 m. ma\u017e\u0173 ir vidutini\u0173 \u012fmoni\u0173 skai\u010diaus Lietuvoje i\u0161augo 5%","datePublished":"2016-08-07T11:33:00+00:00","dateModified":"2023-01-10T09:34:08+00:00","mainEntityOfPage":{"@id":"https:\/\/www.factris.com\/lt\/naujienos\/svv-imoniu-skaicius-lietuvoje-isaugo-5-proc-2016\/"},"wordCount":1050,"commentCount":0,"publisher":{"@id":"https:\/\/www.factris.com\/lt\/#organization"},"image":{"@id":"https:\/\/www.factris.com\/lt\/naujienos\/svv-imoniu-skaicius-lietuvoje-isaugo-5-proc-2016\/#primaryimage"},"thumbnailUrl":"https:\/\/www.factris.com\/wp-content\/uploads\/2023\/01\/factris-5.jpg","keywords":["smulkus verslas","smulkusis ir vidutinis verslas"],"articleSection":["Finansavimo gidas"],"inLanguage":"lt-LT"},{"@type":"WebPage","@id":"https:\/\/www.factris.com\/lt\/naujienos\/svv-imoniu-skaicius-lietuvoje-isaugo-5-proc-2016\/","url":"https:\/\/www.factris.com\/lt\/naujienos\/svv-imoniu-skaicius-lietuvoje-isaugo-5-proc-2016\/","name":"Ma\u017e\u0173 ir vidutini\u0173 \u012fmoni\u0173 skai\u010dius Lietuvoje 2016 m. i\u0161augo 5 %","isPartOf":{"@id":"https:\/\/www.factris.com\/lt\/#website"},"primaryImageOfPage":{"@id":"https:\/\/www.factris.com\/lt\/naujienos\/svv-imoniu-skaicius-lietuvoje-isaugo-5-proc-2016\/#primaryimage"},"image":{"@id":"https:\/\/www.factris.com\/lt\/naujienos\/svv-imoniu-skaicius-lietuvoje-isaugo-5-proc-2016\/#primaryimage"},"thumbnailUrl":"https:\/\/www.factris.com\/wp-content\/uploads\/2023\/01\/factris-5.jpg","datePublished":"2016-08-07T11:33:00+00:00","dateModified":"2023-01-10T09:34:08+00:00","description":"Lietuvos ekonomikai i\u0161laikant stabil\u0173 augimo temp\u0105, per pirm\u0105j\u012f 2016 m. pusmet\u012f ma\u017e\u0173 ir vidutini\u0173 \u012fmoni\u0173 skai\u010dius i\u0161augo 4,5 proc.","breadcrumb":{"@id":"https:\/\/www.factris.com\/lt\/naujienos\/svv-imoniu-skaicius-lietuvoje-isaugo-5-proc-2016\/#breadcrumb"},"inLanguage":"lt-LT","potentialAction":[{"@type":"ReadAction","target":["https:\/\/www.factris.com\/lt\/naujienos\/svv-imoniu-skaicius-lietuvoje-isaugo-5-proc-2016\/"]}]},{"@type":"ImageObject","inLanguage":"lt-LT","@id":"https:\/\/www.factris.com\/lt\/naujienos\/svv-imoniu-skaicius-lietuvoje-isaugo-5-proc-2016\/#primaryimage","url":"https:\/\/www.factris.com\/wp-content\/uploads\/2023\/01\/factris-5.jpg","contentUrl":"https:\/\/www.factris.com\/wp-content\/uploads\/2023\/01\/factris-5.jpg","width":980,"height":654},{"@type":"BreadcrumbList","@id":"https:\/\/www.factris.com\/lt\/naujienos\/svv-imoniu-skaicius-lietuvoje-isaugo-5-proc-2016\/#breadcrumb","itemListElement":[{"@type":"ListItem","position":1,"name":"Home","item":"https:\/\/www.factris.com\/lt\/"},{"@type":"ListItem","position":2,"name":"Finansavimo gidas","item":"https:\/\/www.factris.com\/lt\/category\/finansavimo-gidas\/"},{"@type":"ListItem","position":3,"name":"2016 m. ma\u017e\u0173 ir vidutini\u0173 \u012fmoni\u0173 skai\u010diaus Lietuvoje i\u0161augo 5%"}]},{"@type":"WebSite","@id":"https:\/\/www.factris.com\/lt\/#website","url":"https:\/\/www.factris.com\/lt\/","name":"Factris","description":"Your invoices. Our financing.","publisher":{"@id":"https:\/\/www.factris.com\/lt\/#organization"},"potentialAction":[{"@type":"SearchAction","target":{"@type":"EntryPoint","urlTemplate":"https:\/\/www.factris.com\/lt\/?s={search_term_string}"},"query-input":{"@type":"PropertyValueSpecification","valueRequired":true,"valueName":"search_term_string"}}],"inLanguage":"lt-LT"},{"@type":"Organization","@id":"https:\/\/www.factris.com\/lt\/#organization","name":"Factris Holding B.V.","url":"https:\/\/www.factris.com\/lt\/","logo":{"@type":"ImageObject","inLanguage":"lt-LT","@id":"https:\/\/www.factris.com\/lt\/#\/schema\/logo\/image\/","url":"https:\/\/www.factris.com\/wp-content\/uploads\/2020\/12\/logo-factris-black.png","contentUrl":"https:\/\/www.factris.com\/wp-content\/uploads\/2020\/12\/logo-factris-black.png","width":400,"height":73,"caption":"Factris Holding B.V."},"image":{"@id":"https:\/\/www.factris.com\/lt\/#\/schema\/logo\/image\/"},"sameAs":["https:\/\/www.facebook.com\/factris","https:\/\/x.com\/factris","https:\/\/www.instagram.com\/factrisholding\/","https:\/\/www.linkedin.com\/company\/factrisholding","https:\/\/www.youtube.com\/channel\/UCFupqDt-Xo3EaKYGiqJH1nQ"]},{"@type":"Person","@id":"https:\/\/www.factris.com\/lt\/#\/schema\/person\/db2fc8db92d6ab893732e14672c33974","name":"admin","image":{"@type":"ImageObject","inLanguage":"lt-LT","@id":"https:\/\/www.factris.com\/lt\/#\/schema\/person\/image\/","url":"https:\/\/secure.gravatar.com\/avatar\/3433963ca90fbe2d073c8158fa1ae687?s=96&d=mm&r=g","contentUrl":"https:\/\/secure.gravatar.com\/avatar\/3433963ca90fbe2d073c8158fa1ae687?s=96&d=mm&r=g","caption":"admin"},"sameAs":["https:\/\/www.factris.com"]}]}},"_links":{"self":[{"href":"https:\/\/www.factris.com\/lt\/wp-json\/wp\/v2\/posts\/3725"}],"collection":[{"href":"https:\/\/www.factris.com\/lt\/wp-json\/wp\/v2\/posts"}],"about":[{"href":"https:\/\/www.factris.com\/lt\/wp-json\/wp\/v2\/types\/post"}],"author":[{"embeddable":true,"href":"https:\/\/www.factris.com\/lt\/wp-json\/wp\/v2\/users\/1"}],"replies":[{"embeddable":true,"href":"https:\/\/www.factris.com\/lt\/wp-json\/wp\/v2\/comments?post=3725"}],"version-history":[{"count":2,"href":"https:\/\/www.factris.com\/lt\/wp-json\/wp\/v2\/posts\/3725\/revisions"}],"predecessor-version":[{"id":21624,"href":"https:\/\/www.factris.com\/lt\/wp-json\/wp\/v2\/posts\/3725\/revisions\/21624"}],"wp:featuredmedia":[{"embeddable":true,"href":"https:\/\/www.factris.com\/lt\/wp-json\/wp\/v2\/media\/21202"}],"wp:attachment":[{"href":"https:\/\/www.factris.com\/lt\/wp-json\/wp\/v2\/media?parent=3725"}],"wp:term":[{"taxonomy":"category","embeddable":true,"href":"https:\/\/www.factris.com\/lt\/wp-json\/wp\/v2\/categories?post=3725"},{"taxonomy":"post_tag","embeddable":true,"href":"https:\/\/www.factris.com\/lt\/wp-json\/wp\/v2\/tags?post=3725"}],"curies":[{"name":"wp","href":"https:\/\/api.w.org\/{rel}","templated":true}]}}