{"id":6542,"date":"2018-03-20T09:24:00","date_gmt":"2018-03-20T09:24:00","guid":{"rendered":"https:\/\/www.factris.com\/?p=6542"},"modified":"2023-01-10T08:57:34","modified_gmt":"2023-01-10T08:57:34","slug":"sekmes-istorija-faktoringas-iveike-sezoniskuma","status":"publish","type":"post","link":"https:\/\/www.factris.com\/lt\/naujienos\/sekmes-istorija-faktoringas-iveike-sezoniskuma\/","title":{"rendered":"S\u0117km\u0117s istorija: Faktoringo paslauga pad\u0117jo \u012fveikti sezoni\u0161kumo problem\u0105"},"content":{"rendered":"<p>[et_pb_section fb_built=&#8221;1&#8243; _builder_version=&#8221;4.7.6&#8243; _module_preset=&#8221;default&#8221; custom_padding=&#8221;21px|||||&#8221;][et_pb_row _builder_version=&#8221;4.7.6&#8243; _module_preset=&#8221;default&#8221; max_width=&#8221;700px&#8221; custom_padding=&#8221;2px||4px|||&#8221;][et_pb_column type=&#8221;4_4&#8243; _builder_version=&#8221;4.7.6&#8243; _module_preset=&#8221;default&#8221;][et_pb_button button_url=&#8221;\/lt\/naujienos\/&#8221; button_text=&#8221; Gr\u012f\u017eti \u012f naujien\u0173 puslap\u012f&#8221; module_class=&#8221;btn-back&#8221; _builder_version=&#8221;4.8.2&#8243; _module_preset=&#8221;default&#8221; custom_button=&#8221;on&#8221; button_text_color=&#8221;#001194&#8243; button_bg_color=&#8221;rgba(0,0,0,0)&#8221; button_font=&#8221;||||on||||&#8221; button_icon=&#8221;%%2%%&#8221; button_icon_placement=&#8221;left&#8221; button_on_hover=&#8221;off&#8221; button_text_color__hover_enabled=&#8221;off|hover&#8221; custom_padding__hover_enabled=&#8221;off|desktop&#8221; custom_padding__hover=&#8221;|||59px|false|false&#8221;][\/et_pb_button][\/et_pb_column][\/et_pb_row][et_pb_row _builder_version=&#8221;4.7.6&#8243; _module_preset=&#8221;default&#8221; max_width=&#8221;700px&#8221;][et_pb_column type=&#8221;4_4&#8243; _builder_version=&#8221;4.7.6&#8243; _module_preset=&#8221;default&#8221;][et_pb_text _builder_version=&#8221;4.9.0&#8243; _module_preset=&#8221;default&#8221; header_font_size=&#8221;46px&#8221; header_line_height=&#8221;1.4em&#8221; header_2_font=&#8221;|700|||||||&#8221; header_2_text_color=&#8221;#000a54&#8243; header_2_font_size=&#8221;27px&#8221; header_2_line_height=&#8221;1.3em&#8221; header_3_text_color=&#8221;#000a54&#8243; header_3_font_size=&#8221;25px&#8221; header_3_line_height=&#8221;35px&#8221; header_4_text_color=&#8221;#000a54&#8243; header_4_font_size=&#8221;21px&#8221; header_4_line_height=&#8221;29px&#8221; hover_enabled=&#8221;0&#8243; sticky_enabled=&#8221;0&#8243;]<\/p>\n<p>Nuo 2007 met\u0173 veikianti \u012fmon\u0117 \u201eKlaip\u0117dos egl\u0117\u201c u\u017esiima dirbtini\u0173 eglu\u010di\u0173, girliand\u0173 bei preki\u0173 V\u0117lin\u0117ms gamyba. \u012emon\u0117 s\u0117kmingai dirba su visais did\u017eiausiais prekybos centrais Lietuvoje bei gamina prekes pagal individualius u\u017esakymus.<\/p>\n<p>Nors klient\u0173 netr\u016bksta, did\u017eiausia \u012fmon\u0117s, kaip ir daugelio versl\u0173 problema \u2013<span>\u00a0<\/span><strong>sezoni\u0161kumas<\/strong>. \u0160io \u012ftaka kiekvienai \u012fmonei pasirei\u0161kia skirtingai, ta\u010diau bet kuriuo atveju ver\u010dia verslus susidurti su sunkumais. UAB \u201eKlaip\u0117dos egl\u0117\u201c savininkai nuog\u0105stauja, kad dirbdami visus metus, pinigus gauna tik po nauj\u0173j\u0173 met\u0173. Nors pagamintos eglut\u0117s, vainikai sand\u0117liuojami i\u0161tisus metus, pardavimai prasideda tik ruden\u012f, tod\u0117l apmok\u0117jim\u0173 tenka ilgokai pal\u016bk\u0117ti. Ma\u017ea to, i\u0161ra\u0161ant s\u0105skaitas tenka mok\u0117ti PVM u\u017e dar neapmok\u0117tas s\u0105skaitas.<\/p>\n<p>I\u0161sigelb\u0117jimu \u012fmonei \u201eKlaip\u0117dos egl\u0117\u201c tapo DEBIFO teikiama faktoringo (s\u0105skait\u0173 finansavimo) paslauga. Naudodamiesi finansuot\u0173 s\u0105skait\u0173 pinigais \u012fmon\u0117 gali u\u017esitikrinti ramyb\u0119 ir be vargo apmok\u0117ti tiek\u0117j\u0173 s\u0105skaitas, mokes\u010dius bei kitas i\u0161laidas, su kuriomis susiduria ne sezono metu (nuo atlyginim\u0173 iki kuro). \u0160iuo metu finansuot\u0173 s\u0105skait\u0173 suma siekia apie 30 t\u016bkstan\u010di\u0173 eur\u0173, kurie yra b\u016btini nesustabdomai \u012fmon\u0117s veiklai. Tod\u0117l akivaizdu, kad s\u0105skait\u0173 finansavimas suteikia didel\u012f ramst\u012f ir post\u016bm\u012f verslo augimui.<\/p>\n<p>\u201eKlaip\u0117dos egl\u0117\u201c d\u017eiaugiasi, kad su DEBIFO pagalba, pinigus u\u017e neapmok\u0117tas s\u0105skaitas gali gauti paprastai ir greitai, da\u017eniausiai per kelias valandas. Dabar \u012fmon\u0117 gali lengvai jud\u0117ti \u012f priek\u012f, nesukdama galvos i\u0161 kur gauti apyvartini\u0173 l\u0117\u0161\u0173 visus metus!<\/p>\n<p>[\/et_pb_text][\/et_pb_column][\/et_pb_row][et_pb_row _builder_version=&#8221;4.7.6&#8243; _module_preset=&#8221;default&#8221; max_width=&#8221;700px&#8221; custom_padding=&#8221;2px||4px|||&#8221;][et_pb_column type=&#8221;4_4&#8243; _builder_version=&#8221;4.7.6&#8243; _module_preset=&#8221;default&#8221;][et_pb_button button_url=&#8221;\/lt\/naujienos\/&#8221; button_text=&#8221; Gr\u012f\u017eti \u012f naujien\u0173 puslap\u012f&#8221; module_class=&#8221;btn-back&#8221; _builder_version=&#8221;4.8.2&#8243; _module_preset=&#8221;default&#8221; custom_button=&#8221;on&#8221; button_text_color=&#8221;#001194&#8243; button_bg_color=&#8221;rgba(0,0,0,0)&#8221; button_font=&#8221;||||on||||&#8221; button_icon=&#8221;%%2%%&#8221; button_icon_placement=&#8221;left&#8221; button_on_hover=&#8221;off&#8221; button_text_color__hover_enabled=&#8221;off|hover&#8221; custom_padding__hover_enabled=&#8221;off|desktop&#8221; custom_padding__hover=&#8221;|||59px|false|false&#8221;][\/et_pb_button][\/et_pb_column][\/et_pb_row][\/et_pb_section][et_pb_section fb_built=&#8221;1&#8243; _builder_version=&#8221;4.7.6&#8243; _module_preset=&#8221;default&#8221; background_color=&#8221;#000A54&#8243; custom_padding=&#8221;20vh||20vh||true|false&#8221; global_module=&#8221;2087&#8243;][et_pb_row _builder_version=&#8221;4.7.6&#8243; _module_preset=&#8221;default&#8221; custom_padding=&#8221;0px||0px||true|false&#8221;][et_pb_column type=&#8221;4_4&#8243; _builder_version=&#8221;4.7.6&#8243; _module_preset=&#8221;default&#8221;][et_pb_text _builder_version=&#8221;4.9.0&#8243; _module_preset=&#8221;default&#8221; header_font=&#8221;|700|||||||&#8221; header_text_color=&#8221;#ffffff&#8221; header_font_size=&#8221;46px&#8221; header_line_height=&#8221;2em&#8221; header_2_font=&#8221;|700|||||||&#8221; header_2_text_color=&#8221;#ffffff&#8221; header_2_font_size=&#8221;46px&#8221; header_2_line_height=&#8221;2em&#8221; header_3_font=&#8221;|700|||||||&#8221; header_3_text_align=&#8221;center&#8221; header_3_text_color=&#8221;#ffffff&#8221; header_3_font_size=&#8221;25px&#8221; header_font_tablet=&#8221;&#8221; header_font_phone=&#8221;&#8221; header_font_last_edited=&#8221;on|desktop&#8221; header_line_height_tablet=&#8221;1.8em&#8221; header_line_height_phone=&#8221;1.4em&#8221; header_line_height_last_edited=&#8221;on|phone&#8221; header_2_font_size_tablet=&#8221;&#8221; header_2_font_size_phone=&#8221;32px&#8221; header_2_font_size_last_edited=&#8221;on|phone&#8221; header_3_font_tablet=&#8221;&#8221; header_3_font_phone=&#8221;&#8221; header_3_font_last_edited=&#8221;on|phone&#8221; header_3_line_height_tablet=&#8221;&#8221; header_3_line_height_phone=&#8221;1.8em&#8221; header_3_line_height_last_edited=&#8221;on|phone&#8221;]<\/p>\n<h2 style=\"text-align: center;\">Papasakokite savo verslo istorij\u0105<\/h2>\n<h3 style=\"text-align: center;\">Su faktoringu skol\u0105 paverskite apyvartin\u0117mis l\u0117\u0161omis<\/h3>\n<p>[\/et_pb_text][et_pb_button button_url=&#8221;\/lt\/finansavimo-kriterijai\/&#8221; button_text=&#8221;Pa\u017ei\u016br\u0117kite, ar atitinkate s\u0105lygas&#8221; button_alignment=&#8221;center&#8221; module_class=&#8221;btn-tertiary-2&#8243; _builder_version=&#8221;4.9.0&#8243; _module_preset=&#8221;default&#8221; custom_button=&#8221;on&#8221; button_text_color=&#8221;#ffffff&#8221; button_bg_color=&#8221;rgba(0,0,0,0)&#8221; button_font=&#8221;||||on||||&#8221; button_icon=&#8221;%%3%%&#8221; button_icon_color=&#8221;#ffffff&#8221; button_on_hover=&#8221;off&#8221; custom_margin=&#8221;||20px|||&#8221; custom_padding=&#8221;0px|0px|0px|0px|true|true&#8221;][\/et_pb_button][et_pb_button button_url=&#8221;https:\/\/onboarding.factris.com\/lt\/sign-up&#8221; button_text=&#8221;Finansuokite pirm\u0105j\u0105 s\u0105skait\u0105&#8221; button_alignment=&#8221;center&#8221; _builder_version=&#8221;4.9.0&#8243; _module_preset=&#8221;default&#8221; button_icon=&#8221;%%3%%&#8221; button_icon_color=&#8221;#353540&#8243; button_on_hover=&#8221;off&#8221; custom_margin=&#8221;||18px|||&#8221; custom_padding=&#8221;10px|40px|10px|25px|true|false&#8221; custom_padding__hover_enabled=&#8221;on|hover&#8221; custom_padding__hover=&#8221;|50px|||true|false&#8221;][\/et_pb_button][\/et_pb_column][\/et_pb_row][\/et_pb_section]<\/p>\n","protected":false},"excerpt":{"rendered":"<p>Nuo 2007 met\u0173 veikianti \u012fmon\u0117 \u201eKlaip\u0117dos egl\u0117\u201c u\u017esiima dirbtini\u0173 eglu\u010di\u0173, girliand\u0173 bei preki\u0173 V\u0117lin\u0117ms gamyba. \u012emon\u0117 s\u0117kmingai dirba su visais did\u017eiausiais prekybos centrais Lietuvoje bei gamina prekes pagal individualius u\u017esakymus. Nors klient\u0173 netr\u016bksta, did\u017eiausia \u012fmon\u0117s, kaip ir daugelio versl\u0173 problema \u2013\u00a0sezoni\u0161kumas. \u0160io \u012ftaka kiekvienai \u012fmonei pasirei\u0161kia skirtingai, ta\u010diau bet kuriuo atveju ver\u010dia verslus susidurti su [&hellip;]<\/p>\n","protected":false},"author":1,"featured_media":21242,"comment_status":"open","ping_status":"open","sticky":false,"template":"","format":"standard","meta":{"_et_pb_use_builder":"on","_et_pb_old_content":"<!-- wp:paragraph -->\n<p><strong>Advisory board<\/strong><\/p>\n<!-- \/wp:paragraph -->\n\n<!-- wp:paragraph -->\n<p><strong>Brian Reaves <\/strong>Chief Executive Officer<\/p>\n<!-- \/wp:paragraph -->\n\n<!-- wp:paragraph -->\n<p>Serial entrepreneur and investor in the mobile and payments space. Brian was involved in building 21 prior businesses including 15 mobile networks and 4 payment companies.<\/p>\n<!-- \/wp:paragraph -->\n\n<!-- wp:paragraph -->\n<p><strong>Adam Posma <\/strong>Founder and Chief Product Officer of ClubCollect<\/p>\n<!-- \/wp:paragraph -->\n\n<!-- wp:paragraph -->\n<p>Adam founded ClubCollect in 2013 - a provider of membership fee collection services for sports clubs. He started his career in wealth management at BNP Paribas.<\/p>\n<!-- \/wp:paragraph -->\n\n<!-- wp:paragraph -->\n<p><strong>Dr. Tom F. Lesche <\/strong>Principal at Speedinvest<\/p>\n<!-- \/wp:paragraph -->\n\n<!-- wp:paragraph -->\n<p>Tom started his career in investment banking. Most recently, he was a Vice President at Morgan Stanley in London, advising financial technology companies on a variety of capital markets and M&amp;A transactions. At Speedinvest, he solely focuses on investments in European fintech companies.<\/p>\n<!-- \/wp:paragraph -->\n\n<!-- wp:paragraph -->\n<p><strong>Donatas Juodelis <\/strong>Founder of Debifo<\/p>\n<!-- \/wp:paragraph -->\n\n<!-- wp:paragraph -->\n<p>Donatas started his career as a lawyer but quickly moved to entrepreneurship and investments. Co-founded IT company INNTEC, co-founded factoring company Debifo and a couple of other successful startups. In most of the companies, Donatas was responsible for business and corporate development.<\/p>\n<!-- \/wp:paragraph -->\n\n<!-- wp:paragraph -->\n<p><strong>Faisal Hakki <\/strong>Managing director at AB Ventures<\/p>\n<!-- \/wp:paragraph -->\n\n<!-- wp:paragraph -->\n<p>Faisal is Managing Director at AB Ventures, the FinTech focused, early-stage Venture Capital arm of Arab Bank. Prior to joining AB Ventures, Faisal was CEO at Oasis500 \u2013 the leading seed-stage investment fund and accelerator in Jordan. Faisal has also held senior positions at Accelerator Technology Holdings, Arab Advisors Group and Fastlin.<\/p>\n<!-- \/wp:paragraph -->\n\n<!-- wp:paragraph -->\n<p><strong>Brian Reaves <\/strong>Chief Executive Officer<\/p>\n<!-- \/wp:paragraph -->\n\n<!-- wp:paragraph -->\n<p>Serial entrepreneur and investor in the mobile and payments space. Brian was involved in building 21 prior businesses including 15 mobile networks and 4 payment companies.<\/p>\n<!-- \/wp:paragraph -->\n\n<!-- wp:paragraph -->\n<p><strong>Adam Posma <\/strong>Founder and Chief Product Officer of ClubCollect<\/p>\n<!-- \/wp:paragraph -->\n\n<!-- wp:paragraph -->\n<p>Adam founded ClubCollect in 2013 - a provider of membership fee collection services for sports clubs. He started his career in wealth management at BNP Paribas.<\/p>\n<!-- \/wp:paragraph -->\n\n<!-- wp:paragraph -->\n<p><strong>Dr. Tom F. Lesche <\/strong>Principal at Speedinvest<\/p>\n<!-- \/wp:paragraph -->\n\n<!-- wp:paragraph -->\n<p>Tom started his career in investment banking. Most recently, he was a Vice President at Morgan Stanley in London, advising financial technology companies on a variety of capital markets and M&amp;A transactions. At Speedinvest, he solely focuses on investments in European fintech companies.<\/p>\n<!-- \/wp:paragraph -->\n\n<!-- wp:paragraph -->\n<p><strong>Donatas Juodelis <\/strong>Founder of Debifo<\/p>\n<!-- \/wp:paragraph -->\n\n<!-- wp:paragraph -->\n<p>Donatas started his career as a lawyer but quickly moved to entrepreneurship and investments. Co-founded IT company INNTEC, co-founded factoring company Debifo and a couple of other successful startups. In most of the companies, Donatas was responsible for business and corporate development.<\/p>\n<!-- \/wp:paragraph -->\n\n<!-- wp:paragraph -->\n<p><strong>Faisal Hakki <\/strong>Managing director at AB Ventures<\/p>\n<!-- \/wp:paragraph -->\n\n<!-- wp:paragraph -->\n<p>Faisal is Managing Director at AB Ventures, the FinTech focused, early-stage Venture Capital arm of Arab Bank. Prior to joining AB Ventures, Faisal was CEO at Oasis500 \u2013 the leading seed-stage investment fund and accelerator in Jordan. Faisal has also held senior positions at Accelerator Technology Holdings, Arab Advisors Group and Fastlin.<\/p>\n<!-- \/wp:paragraph -->\n\n<!-- wp:paragraph -->\n<p><\/p>\n<!-- \/wp:paragraph -->","_et_gb_content_width":"2880","footnotes":""},"categories":[31],"tags":[47],"yoast_head":"<!-- This site is optimized with the Yoast SEO Premium plugin v22.2 (Yoast SEO v24.5) - https:\/\/yoast.com\/wordpress\/plugins\/seo\/ -->\n<title>Faktoringas - verslo sezoni\u0161kumo problemos sprendimo b\u016bdas<\/title>\n<meta name=\"description\" content=\"Did\u017eiausia daugelio versl\u0173 problema \u2013 sezoni\u0161kumas, kuris kiekvienai \u012fmonei pasirei\u0161kia skirtingai, bet sukuria verslams sunkum\u0173.\" \/>\n<meta name=\"robots\" content=\"index, follow, max-snippet:-1, max-image-preview:large, max-video-preview:-1\" \/>\n<link rel=\"canonical\" href=\"https:\/\/www.factris.com\/lt\/naujienos\/sekmes-istorija-faktoringas-iveike-sezoniskuma\/\" \/>\n<meta property=\"og:locale\" content=\"lt_LT\" \/>\n<meta property=\"og:type\" content=\"article\" \/>\n<meta property=\"og:title\" content=\"S\u0117km\u0117s istorija: Faktoringo paslauga pad\u0117jo \u012fveikti sezoni\u0161kumo problem\u0105\" \/>\n<meta property=\"og:description\" content=\"Did\u017eiausia daugelio versl\u0173 problema \u2013 sezoni\u0161kumas, kuris kiekvienai \u012fmonei pasirei\u0161kia skirtingai, bet sukuria verslams sunkum\u0173.\" \/>\n<meta property=\"og:url\" content=\"https:\/\/www.factris.com\/lt\/naujienos\/sekmes-istorija-faktoringas-iveike-sezoniskuma\/\" \/>\n<meta property=\"og:site_name\" content=\"Factris\" \/>\n<meta property=\"article:publisher\" content=\"https:\/\/www.facebook.com\/factris\" \/>\n<meta property=\"article:published_time\" content=\"2018-03-20T09:24:00+00:00\" \/>\n<meta property=\"article:modified_time\" content=\"2023-01-10T08:57:34+00:00\" \/>\n<meta property=\"og:image\" content=\"https:\/\/www.factris.com\/wp-content\/uploads\/2023\/01\/factris-2018-03-20_Sekmes-istorija-Faktoringo-paslauga-padejo-iveikti-sezoniskumo-problema.jpg\" \/>\n\t<meta property=\"og:image:width\" content=\"980\" \/>\n\t<meta property=\"og:image:height\" content=\"654\" \/>\n\t<meta property=\"og:image:type\" content=\"image\/jpeg\" \/>\n<meta name=\"author\" content=\"admin\" \/>\n<meta name=\"twitter:card\" content=\"summary_large_image\" \/>\n<meta name=\"twitter:creator\" content=\"@factris\" \/>\n<meta name=\"twitter:site\" content=\"@factris\" \/>\n<meta name=\"twitter:label1\" content=\"Written by\" \/>\n\t<meta name=\"twitter:data1\" content=\"admin\" \/>\n\t<meta name=\"twitter:label2\" content=\"Est. reading time\" \/>\n\t<meta name=\"twitter:data2\" content=\"2 minut\u0117s\" \/>\n<script type=\"application\/ld+json\" class=\"yoast-schema-graph\">{\"@context\":\"https:\/\/schema.org\",\"@graph\":[{\"@type\":\"Article\",\"@id\":\"https:\/\/www.factris.com\/lt\/naujienos\/sekmes-istorija-faktoringas-iveike-sezoniskuma\/#article\",\"isPartOf\":{\"@id\":\"https:\/\/www.factris.com\/lt\/naujienos\/sekmes-istorija-faktoringas-iveike-sezoniskuma\/\"},\"author\":{\"name\":\"admin\",\"@id\":\"https:\/\/www.factris.com\/lt\/#\/schema\/person\/db2fc8db92d6ab893732e14672c33974\"},\"headline\":\"S\u0117km\u0117s istorija: Faktoringo paslauga pad\u0117jo \u012fveikti sezoni\u0161kumo problem\u0105\",\"datePublished\":\"2018-03-20T09:24:00+00:00\",\"dateModified\":\"2023-01-10T08:57:34+00:00\",\"mainEntityOfPage\":{\"@id\":\"https:\/\/www.factris.com\/lt\/naujienos\/sekmes-istorija-faktoringas-iveike-sezoniskuma\/\"},\"wordCount\":880,\"commentCount\":0,\"publisher\":{\"@id\":\"https:\/\/www.factris.com\/lt\/#organization\"},\"image\":{\"@id\":\"https:\/\/www.factris.com\/lt\/naujienos\/sekmes-istorija-faktoringas-iveike-sezoniskuma\/#primaryimage\"},\"thumbnailUrl\":\"https:\/\/www.factris.com\/wp-content\/uploads\/2023\/01\/factris-2018-03-20_Sekmes-istorija-Faktoringo-paslauga-padejo-iveikti-sezoniskumo-problema.jpg\",\"keywords\":[\"faktoringas\"],\"articleSection\":[\"Faktoringas\"],\"inLanguage\":\"lt-LT\"},{\"@type\":\"WebPage\",\"@id\":\"https:\/\/www.factris.com\/lt\/naujienos\/sekmes-istorija-faktoringas-iveike-sezoniskuma\/\",\"url\":\"https:\/\/www.factris.com\/lt\/naujienos\/sekmes-istorija-faktoringas-iveike-sezoniskuma\/\",\"name\":\"Faktoringas - verslo sezoni\u0161kumo problemos sprendimo b\u016bdas\",\"isPartOf\":{\"@id\":\"https:\/\/www.factris.com\/lt\/#website\"},\"primaryImageOfPage\":{\"@id\":\"https:\/\/www.factris.com\/lt\/naujienos\/sekmes-istorija-faktoringas-iveike-sezoniskuma\/#primaryimage\"},\"image\":{\"@id\":\"https:\/\/www.factris.com\/lt\/naujienos\/sekmes-istorija-faktoringas-iveike-sezoniskuma\/#primaryimage\"},\"thumbnailUrl\":\"https:\/\/www.factris.com\/wp-content\/uploads\/2023\/01\/factris-2018-03-20_Sekmes-istorija-Faktoringo-paslauga-padejo-iveikti-sezoniskumo-problema.jpg\",\"datePublished\":\"2018-03-20T09:24:00+00:00\",\"dateModified\":\"2023-01-10T08:57:34+00:00\",\"description\":\"Did\u017eiausia daugelio versl\u0173 problema \u2013 sezoni\u0161kumas, kuris kiekvienai \u012fmonei pasirei\u0161kia skirtingai, bet sukuria verslams sunkum\u0173.\",\"breadcrumb\":{\"@id\":\"https:\/\/www.factris.com\/lt\/naujienos\/sekmes-istorija-faktoringas-iveike-sezoniskuma\/#breadcrumb\"},\"inLanguage\":\"lt-LT\",\"potentialAction\":[{\"@type\":\"ReadAction\",\"target\":[\"https:\/\/www.factris.com\/lt\/naujienos\/sekmes-istorija-faktoringas-iveike-sezoniskuma\/\"]}]},{\"@type\":\"ImageObject\",\"inLanguage\":\"lt-LT\",\"@id\":\"https:\/\/www.factris.com\/lt\/naujienos\/sekmes-istorija-faktoringas-iveike-sezoniskuma\/#primaryimage\",\"url\":\"https:\/\/www.factris.com\/wp-content\/uploads\/2023\/01\/factris-2018-03-20_Sekmes-istorija-Faktoringo-paslauga-padejo-iveikti-sezoniskumo-problema.jpg\",\"contentUrl\":\"https:\/\/www.factris.com\/wp-content\/uploads\/2023\/01\/factris-2018-03-20_Sekmes-istorija-Faktoringo-paslauga-padejo-iveikti-sezoniskumo-problema.jpg\",\"width\":980,\"height\":654},{\"@type\":\"BreadcrumbList\",\"@id\":\"https:\/\/www.factris.com\/lt\/naujienos\/sekmes-istorija-faktoringas-iveike-sezoniskuma\/#breadcrumb\",\"itemListElement\":[{\"@type\":\"ListItem\",\"position\":1,\"name\":\"Home\",\"item\":\"https:\/\/www.factris.com\/lt\/\"},{\"@type\":\"ListItem\",\"position\":2,\"name\":\"Faktoringas\",\"item\":\"https:\/\/www.factris.com\/lt\/category\/faktoringas\/\"},{\"@type\":\"ListItem\",\"position\":3,\"name\":\"S\u0117km\u0117s istorija: Faktoringo paslauga pad\u0117jo \u012fveikti sezoni\u0161kumo problem\u0105\"}]},{\"@type\":\"WebSite\",\"@id\":\"https:\/\/www.factris.com\/lt\/#website\",\"url\":\"https:\/\/www.factris.com\/lt\/\",\"name\":\"Factris\",\"description\":\"Your invoices. Our financing.\",\"publisher\":{\"@id\":\"https:\/\/www.factris.com\/lt\/#organization\"},\"potentialAction\":[{\"@type\":\"SearchAction\",\"target\":{\"@type\":\"EntryPoint\",\"urlTemplate\":\"https:\/\/www.factris.com\/lt\/?s={search_term_string}\"},\"query-input\":{\"@type\":\"PropertyValueSpecification\",\"valueRequired\":true,\"valueName\":\"search_term_string\"}}],\"inLanguage\":\"lt-LT\"},{\"@type\":\"Organization\",\"@id\":\"https:\/\/www.factris.com\/lt\/#organization\",\"name\":\"Factris Holding B.V.\",\"url\":\"https:\/\/www.factris.com\/lt\/\",\"logo\":{\"@type\":\"ImageObject\",\"inLanguage\":\"lt-LT\",\"@id\":\"https:\/\/www.factris.com\/lt\/#\/schema\/logo\/image\/\",\"url\":\"https:\/\/www.factris.com\/wp-content\/uploads\/2020\/12\/logo-factris-black.png\",\"contentUrl\":\"https:\/\/www.factris.com\/wp-content\/uploads\/2020\/12\/logo-factris-black.png\",\"width\":400,\"height\":73,\"caption\":\"Factris Holding B.V.\"},\"image\":{\"@id\":\"https:\/\/www.factris.com\/lt\/#\/schema\/logo\/image\/\"},\"sameAs\":[\"https:\/\/www.facebook.com\/factris\",\"https:\/\/x.com\/factris\",\"https:\/\/www.instagram.com\/factrisholding\/\",\"https:\/\/www.linkedin.com\/company\/factrisholding\",\"https:\/\/www.youtube.com\/channel\/UCFupqDt-Xo3EaKYGiqJH1nQ\"]},{\"@type\":\"Person\",\"@id\":\"https:\/\/www.factris.com\/lt\/#\/schema\/person\/db2fc8db92d6ab893732e14672c33974\",\"name\":\"admin\",\"image\":{\"@type\":\"ImageObject\",\"inLanguage\":\"lt-LT\",\"@id\":\"https:\/\/www.factris.com\/lt\/#\/schema\/person\/image\/\",\"url\":\"https:\/\/secure.gravatar.com\/avatar\/3433963ca90fbe2d073c8158fa1ae687?s=96&d=mm&r=g\",\"contentUrl\":\"https:\/\/secure.gravatar.com\/avatar\/3433963ca90fbe2d073c8158fa1ae687?s=96&d=mm&r=g\",\"caption\":\"admin\"},\"sameAs\":[\"https:\/\/www.factris.com\"]}]}<\/script>\n<!-- \/ Yoast SEO Premium plugin. -->","yoast_head_json":{"title":"Faktoringas - verslo sezoni\u0161kumo problemos sprendimo b\u016bdas","description":"Did\u017eiausia daugelio versl\u0173 problema \u2013 sezoni\u0161kumas, kuris kiekvienai \u012fmonei pasirei\u0161kia skirtingai, bet sukuria verslams sunkum\u0173.","robots":{"index":"index","follow":"follow","max-snippet":"max-snippet:-1","max-image-preview":"max-image-preview:large","max-video-preview":"max-video-preview:-1"},"canonical":"https:\/\/www.factris.com\/lt\/naujienos\/sekmes-istorija-faktoringas-iveike-sezoniskuma\/","og_locale":"lt_LT","og_type":"article","og_title":"S\u0117km\u0117s istorija: Faktoringo paslauga pad\u0117jo \u012fveikti sezoni\u0161kumo problem\u0105","og_description":"Did\u017eiausia daugelio versl\u0173 problema \u2013 sezoni\u0161kumas, kuris kiekvienai \u012fmonei pasirei\u0161kia skirtingai, bet sukuria verslams sunkum\u0173.","og_url":"https:\/\/www.factris.com\/lt\/naujienos\/sekmes-istorija-faktoringas-iveike-sezoniskuma\/","og_site_name":"Factris","article_publisher":"https:\/\/www.facebook.com\/factris","article_published_time":"2018-03-20T09:24:00+00:00","article_modified_time":"2023-01-10T08:57:34+00:00","og_image":[{"width":980,"height":654,"url":"https:\/\/www.factris.com\/wp-content\/uploads\/2023\/01\/factris-2018-03-20_Sekmes-istorija-Faktoringo-paslauga-padejo-iveikti-sezoniskumo-problema.jpg","type":"image\/jpeg"}],"author":"admin","twitter_card":"summary_large_image","twitter_creator":"@factris","twitter_site":"@factris","twitter_misc":{"Written by":"admin","Est. reading time":"2 minut\u0117s"},"schema":{"@context":"https:\/\/schema.org","@graph":[{"@type":"Article","@id":"https:\/\/www.factris.com\/lt\/naujienos\/sekmes-istorija-faktoringas-iveike-sezoniskuma\/#article","isPartOf":{"@id":"https:\/\/www.factris.com\/lt\/naujienos\/sekmes-istorija-faktoringas-iveike-sezoniskuma\/"},"author":{"name":"admin","@id":"https:\/\/www.factris.com\/lt\/#\/schema\/person\/db2fc8db92d6ab893732e14672c33974"},"headline":"S\u0117km\u0117s istorija: Faktoringo paslauga pad\u0117jo \u012fveikti sezoni\u0161kumo problem\u0105","datePublished":"2018-03-20T09:24:00+00:00","dateModified":"2023-01-10T08:57:34+00:00","mainEntityOfPage":{"@id":"https:\/\/www.factris.com\/lt\/naujienos\/sekmes-istorija-faktoringas-iveike-sezoniskuma\/"},"wordCount":880,"commentCount":0,"publisher":{"@id":"https:\/\/www.factris.com\/lt\/#organization"},"image":{"@id":"https:\/\/www.factris.com\/lt\/naujienos\/sekmes-istorija-faktoringas-iveike-sezoniskuma\/#primaryimage"},"thumbnailUrl":"https:\/\/www.factris.com\/wp-content\/uploads\/2023\/01\/factris-2018-03-20_Sekmes-istorija-Faktoringo-paslauga-padejo-iveikti-sezoniskumo-problema.jpg","keywords":["faktoringas"],"articleSection":["Faktoringas"],"inLanguage":"lt-LT"},{"@type":"WebPage","@id":"https:\/\/www.factris.com\/lt\/naujienos\/sekmes-istorija-faktoringas-iveike-sezoniskuma\/","url":"https:\/\/www.factris.com\/lt\/naujienos\/sekmes-istorija-faktoringas-iveike-sezoniskuma\/","name":"Faktoringas - verslo sezoni\u0161kumo problemos sprendimo b\u016bdas","isPartOf":{"@id":"https:\/\/www.factris.com\/lt\/#website"},"primaryImageOfPage":{"@id":"https:\/\/www.factris.com\/lt\/naujienos\/sekmes-istorija-faktoringas-iveike-sezoniskuma\/#primaryimage"},"image":{"@id":"https:\/\/www.factris.com\/lt\/naujienos\/sekmes-istorija-faktoringas-iveike-sezoniskuma\/#primaryimage"},"thumbnailUrl":"https:\/\/www.factris.com\/wp-content\/uploads\/2023\/01\/factris-2018-03-20_Sekmes-istorija-Faktoringo-paslauga-padejo-iveikti-sezoniskumo-problema.jpg","datePublished":"2018-03-20T09:24:00+00:00","dateModified":"2023-01-10T08:57:34+00:00","description":"Did\u017eiausia daugelio versl\u0173 problema \u2013 sezoni\u0161kumas, kuris kiekvienai \u012fmonei pasirei\u0161kia skirtingai, bet sukuria verslams sunkum\u0173.","breadcrumb":{"@id":"https:\/\/www.factris.com\/lt\/naujienos\/sekmes-istorija-faktoringas-iveike-sezoniskuma\/#breadcrumb"},"inLanguage":"lt-LT","potentialAction":[{"@type":"ReadAction","target":["https:\/\/www.factris.com\/lt\/naujienos\/sekmes-istorija-faktoringas-iveike-sezoniskuma\/"]}]},{"@type":"ImageObject","inLanguage":"lt-LT","@id":"https:\/\/www.factris.com\/lt\/naujienos\/sekmes-istorija-faktoringas-iveike-sezoniskuma\/#primaryimage","url":"https:\/\/www.factris.com\/wp-content\/uploads\/2023\/01\/factris-2018-03-20_Sekmes-istorija-Faktoringo-paslauga-padejo-iveikti-sezoniskumo-problema.jpg","contentUrl":"https:\/\/www.factris.com\/wp-content\/uploads\/2023\/01\/factris-2018-03-20_Sekmes-istorija-Faktoringo-paslauga-padejo-iveikti-sezoniskumo-problema.jpg","width":980,"height":654},{"@type":"BreadcrumbList","@id":"https:\/\/www.factris.com\/lt\/naujienos\/sekmes-istorija-faktoringas-iveike-sezoniskuma\/#breadcrumb","itemListElement":[{"@type":"ListItem","position":1,"name":"Home","item":"https:\/\/www.factris.com\/lt\/"},{"@type":"ListItem","position":2,"name":"Faktoringas","item":"https:\/\/www.factris.com\/lt\/category\/faktoringas\/"},{"@type":"ListItem","position":3,"name":"S\u0117km\u0117s istorija: Faktoringo paslauga pad\u0117jo \u012fveikti sezoni\u0161kumo problem\u0105"}]},{"@type":"WebSite","@id":"https:\/\/www.factris.com\/lt\/#website","url":"https:\/\/www.factris.com\/lt\/","name":"Factris","description":"Your invoices. Our financing.","publisher":{"@id":"https:\/\/www.factris.com\/lt\/#organization"},"potentialAction":[{"@type":"SearchAction","target":{"@type":"EntryPoint","urlTemplate":"https:\/\/www.factris.com\/lt\/?s={search_term_string}"},"query-input":{"@type":"PropertyValueSpecification","valueRequired":true,"valueName":"search_term_string"}}],"inLanguage":"lt-LT"},{"@type":"Organization","@id":"https:\/\/www.factris.com\/lt\/#organization","name":"Factris Holding B.V.","url":"https:\/\/www.factris.com\/lt\/","logo":{"@type":"ImageObject","inLanguage":"lt-LT","@id":"https:\/\/www.factris.com\/lt\/#\/schema\/logo\/image\/","url":"https:\/\/www.factris.com\/wp-content\/uploads\/2020\/12\/logo-factris-black.png","contentUrl":"https:\/\/www.factris.com\/wp-content\/uploads\/2020\/12\/logo-factris-black.png","width":400,"height":73,"caption":"Factris Holding B.V."},"image":{"@id":"https:\/\/www.factris.com\/lt\/#\/schema\/logo\/image\/"},"sameAs":["https:\/\/www.facebook.com\/factris","https:\/\/x.com\/factris","https:\/\/www.instagram.com\/factrisholding\/","https:\/\/www.linkedin.com\/company\/factrisholding","https:\/\/www.youtube.com\/channel\/UCFupqDt-Xo3EaKYGiqJH1nQ"]},{"@type":"Person","@id":"https:\/\/www.factris.com\/lt\/#\/schema\/person\/db2fc8db92d6ab893732e14672c33974","name":"admin","image":{"@type":"ImageObject","inLanguage":"lt-LT","@id":"https:\/\/www.factris.com\/lt\/#\/schema\/person\/image\/","url":"https:\/\/secure.gravatar.com\/avatar\/3433963ca90fbe2d073c8158fa1ae687?s=96&d=mm&r=g","contentUrl":"https:\/\/secure.gravatar.com\/avatar\/3433963ca90fbe2d073c8158fa1ae687?s=96&d=mm&r=g","caption":"admin"},"sameAs":["https:\/\/www.factris.com"]}]}},"_links":{"self":[{"href":"https:\/\/www.factris.com\/lt\/wp-json\/wp\/v2\/posts\/6542"}],"collection":[{"href":"https:\/\/www.factris.com\/lt\/wp-json\/wp\/v2\/posts"}],"about":[{"href":"https:\/\/www.factris.com\/lt\/wp-json\/wp\/v2\/types\/post"}],"author":[{"embeddable":true,"href":"https:\/\/www.factris.com\/lt\/wp-json\/wp\/v2\/users\/1"}],"replies":[{"embeddable":true,"href":"https:\/\/www.factris.com\/lt\/wp-json\/wp\/v2\/comments?post=6542"}],"version-history":[{"count":2,"href":"https:\/\/www.factris.com\/lt\/wp-json\/wp\/v2\/posts\/6542\/revisions"}],"predecessor-version":[{"id":21544,"href":"https:\/\/www.factris.com\/lt\/wp-json\/wp\/v2\/posts\/6542\/revisions\/21544"}],"wp:featuredmedia":[{"embeddable":true,"href":"https:\/\/www.factris.com\/lt\/wp-json\/wp\/v2\/media\/21242"}],"wp:attachment":[{"href":"https:\/\/www.factris.com\/lt\/wp-json\/wp\/v2\/media?parent=6542"}],"wp:term":[{"taxonomy":"category","embeddable":true,"href":"https:\/\/www.factris.com\/lt\/wp-json\/wp\/v2\/categories?post=6542"},{"taxonomy":"post_tag","embeddable":true,"href":"https:\/\/www.factris.com\/lt\/wp-json\/wp\/v2\/tags?post=6542"}],"curies":[{"name":"wp","href":"https:\/\/api.w.org\/{rel}","templated":true}]}}