{"id":6785,"date":"2018-05-22T12:34:00","date_gmt":"2018-05-22T12:34:00","guid":{"rendered":"https:\/\/www.factris.com\/?p=6785"},"modified":"2023-01-10T08:51:35","modified_gmt":"2023-01-10T08:51:35","slug":"mokesciu-nasta-smulkiam-ir-vidutiniam-verslui","status":"publish","type":"post","link":"https:\/\/www.factris.com\/lt\/naujienos\/mokesciu-nasta-smulkiam-ir-vidutiniam-verslui\/","title":{"rendered":"Mokes\u010di\u0173 na\u0161ta smulkiam ir vidutiniam verslui"},"content":{"rendered":"<p>[et_pb_section fb_built=&#8221;1&#8243; _builder_version=&#8221;4.7.6&#8243; _module_preset=&#8221;default&#8221; custom_padding=&#8221;21px|||||&#8221;][et_pb_row _builder_version=&#8221;4.7.6&#8243; _module_preset=&#8221;default&#8221; max_width=&#8221;700px&#8221; custom_padding=&#8221;2px||4px|||&#8221;][et_pb_column type=&#8221;4_4&#8243; _builder_version=&#8221;4.7.6&#8243; _module_preset=&#8221;default&#8221;][et_pb_button button_url=&#8221;\/lt\/naujienos\/&#8221; button_text=&#8221; Gr\u012f\u017eti \u012f naujien\u0173 puslap\u012f&#8221; module_class=&#8221;btn-back&#8221; _builder_version=&#8221;4.8.2&#8243; _module_preset=&#8221;default&#8221; custom_button=&#8221;on&#8221; button_text_color=&#8221;#001194&#8243; button_bg_color=&#8221;rgba(0,0,0,0)&#8221; button_font=&#8221;||||on||||&#8221; button_icon=&#8221;%%2%%&#8221; button_icon_placement=&#8221;left&#8221; button_on_hover=&#8221;off&#8221; button_text_color__hover_enabled=&#8221;off|hover&#8221; custom_padding__hover_enabled=&#8221;off|desktop&#8221; custom_padding__hover=&#8221;|||59px|false|false&#8221;][\/et_pb_button][\/et_pb_column][\/et_pb_row][et_pb_row _builder_version=&#8221;4.7.6&#8243; _module_preset=&#8221;default&#8221; max_width=&#8221;700px&#8221;][et_pb_column type=&#8221;4_4&#8243; _builder_version=&#8221;4.7.6&#8243; _module_preset=&#8221;default&#8221;][et_pb_text _builder_version=&#8221;4.9.0&#8243; _module_preset=&#8221;default&#8221; header_font_size=&#8221;46px&#8221; header_line_height=&#8221;1.4em&#8221; header_2_font=&#8221;|700|||||||&#8221; header_2_text_color=&#8221;#000a54&#8243; header_2_font_size=&#8221;27px&#8221; header_2_line_height=&#8221;1.3em&#8221; header_3_font=&#8221;|700|||||||&#8221; header_3_text_color=&#8221;#000a54&#8243; header_3_font_size=&#8221;25px&#8221; header_3_line_height=&#8221;35px&#8221; header_4_font=&#8221;|700|||||||&#8221; header_4_text_color=&#8221;#000a54&#8243; header_4_font_size=&#8221;21px&#8221; header_4_line_height=&#8221;29px&#8221; hover_enabled=&#8221;0&#8243; sticky_enabled=&#8221;0&#8243;]<\/p>\n<h2>Apie mokes\u010dius verslui Lietuvoje kalbama da\u017enai \u2013 tai ir pagrindinis politik\u0173 diskusij\u0173 objektas, ir verslinink\u0173 bei investuotoj\u0173 r\u016bpestis. Kiekvienas versl\u0105 pradedantis asmuo analizuoja ne tik verslo aplink\u0105, rinkos paklaus\u0105, ta\u010diau vertina ir mokes\u010di\u0173 sistem\u0105.<\/h2>\n<p>\u0160alyje egzistuoja daugiau nei 20 \u012fvairi\u0173 mokes\u010di\u0173, ir j\u0173 na\u0161ta nelengva. Da\u017enai mokes\u010di\u0173 na\u0161ta apib\u016bdinama kaip vis\u0173 \u0161alies mokes\u010di\u0173 mok\u0117toj\u0173 sumok\u0117t\u0173 mokes\u010di\u0173, \u012fmok\u0173, rinkliav\u0173 bei atsiskaitym\u0173 sumos santykis su bendruoju vidaus produktu. Ta\u010diau reikia atsi\u017evelgti ir \u012f tai, jog mokestin\u0117 na\u0161tai verslui \u2013 tai ne tik sumokami mokes\u010diai, ta\u010diau taip pat ir sugai\u0161tas laikas \u012fvairi\u0173 form\u0173 ir ataskait\u0173 pildymui.\u00a0Buhalteri\u0173 darbo laikas nepigus, o kas m\u0117nes\u012f pildom\u0173 mokestini\u0173 form\u0173 \u2013 ne viena ir ne dvi, be to, jos nuolat kei\u010diamos, tad da\u017enai buhalteriams tenka ne tik sekti Valstybin\u0117s mokes\u010di\u0173 inspekcijos naujienas, ta\u010diau ir dalyvauti brangiai kainuojan\u010diuose finans\u0173 ekspert\u0173 mokymuose, kuriuose analizuojami naujausi mokes\u010di\u0173 pakeitimai ir atsiskaitymo formos. Tai ypa\u010d aktualu smulkiesiems verslininkams, kuri\u0173 u\u017edirbamos pajamos n\u0117ra didel\u0117s, ir \u012fvairi\u0173 atsiskaitymo form\u0173 pildymas santykinai yra didesn\u0117 na\u0161ta nei did\u017eiosioms \u012fmon\u0117ms.<\/p>\n<p>&nbsp;<\/p>\n<h2>Taikomi mokes\u010diai<\/h2>\n<p>Pagrindinis mokestis verslui yra pelno mokestis, o taip pat svarb\u016bs gyventoj\u0173 pajam\u0173 mokes\u010diai bei socialinio draudimo \u012fmokos, nes nuo j\u0173 priklauso \u017emogi\u0161k\u0173j\u0173 i\u0161tekli\u0173 kaina. Lietuvoje pelnas yra apmokestinamas du kartus \u2013 pirm\u0105 kart\u0105 \u2013 15 proc. pelno mokes\u010diu, o po to dar kart\u0105 mokes\u010dius sumoka akcininkas, kuris nori i\u0161simok\u0117ti peln\u0105 (jam pritaikomas 15 proc. gyventoj\u0173 pajam\u0173 mokestis). Pastaruoju metu pasaulyje vyrauja tendencija, jog pelno mokestis \u012fmon\u0117ms yra ma\u017einamas (2016 m. pelno mokestis buvo suma\u017eintas Norvegijoje, Danijoje, Japonijoje, Malaizijoje), tuo tarpu Lietuvoje tik si\u016bloma pl\u0117sti pelno, kuris investuojamas \u012f investicinius projektus neapmokestinim\u0105.<\/p>\n<p>Socialinio draudimo \u012fmokos sudaro \u017eenkli\u0105 sum\u0105 nuo darbuotojams mokamo atlyginimo. 2017 m. jos buvo dar padidintos patiems smulkiausiems verslininkams \u2013 individuali\u0173 \u012fmoni\u0173 savininkams, \u016bkini\u0173 bendrij\u0173 tikriesiems nariams bei ma\u017e\u0173j\u0173 bendrij\u0173 nariams. 2018 m. \u012fvestos socialinio draudimo \u012fmok\u0173 grindys, ir jei darbuotojas dirba nepiln\u0105 darbo laik\u0105 ir gauna ma\u017eesn\u012f nei minimal\u0173 atlyginim\u0105, jo \u012fmokos vistiek skai\u010diuojamos nuo minimalios m\u0117nesin\u0117s algos dyd\u017eio. \u0160is pakeitimas taip pat skaud\u017eiausiai paliet\u0117 smulkiuosius verslininkus, kurie darbuotojus da\u017enai samdo nepilnai darbo dienai \u2013 tokie darbuotojai tapo labiausiai apmokestintais visoje Lietuvoje.<\/p>\n<p>Dar vienas Lietuvos mokes\u010di\u0173 na\u0161tos elementas smulkiam ir vidutiniam verslui yra nuolatin\u0117 mokes\u010di\u0173 kaita ir sud\u0117tingas, daugyb\u0119 i\u0161im\u010di\u0173 turintis j\u0173 taikymas. Verslininkams svarbu \u017einoti, kokioje aplinkoje jiems reik\u0117s dirbti, kokius mokes\u010dius ir kada mok\u0117ti. Jie planuoja savo veikl\u0105, i\u0161laidas, rengia prognozinius biud\u017eetus. Bet nuolat kei\u010diantis mokes\u010di\u0173 dyd\u017eiams, verslininkai priversti dirbti neapibr\u0117\u017etumo s\u0105lygomis, jiems sunku prisiimti ilgalaikius \u012fsipareigojimus, \u012fdarbinti darbuotojus ne\u017einant kiek ir koki\u0173 mokes\u010di\u0173 jiems reik\u0117s sumok\u0117ti po pusme\u010dio ar met\u0173.<\/p>\n<p>Siekiant skatinti verslum\u0105 ir ma\u017einti mokestin\u0119 na\u0161t\u0105 smulkioms verslo \u012fmon\u0117ms, b\u016btina siekti mokes\u010di\u0173 sistemos stabilumo ir administracin\u0117s na\u0161tos ma\u017einimo. \u0160iais laikais, kai versl\u0105 nesunku \u012fsteigti bet kurioje kitoje \u0161alyje, mokes\u010di\u0173 sistemos paprastinimas ir priartinimas prie verslo poreiki\u0173 yra b\u016btinas siekant tapti patrauklia \u0161alimi tiek u\u017esienio investuotojams, tiek vietos verslininkams.<\/p>\n<p>&nbsp;<\/p>\n<p>[\/et_pb_text][\/et_pb_column][\/et_pb_row][et_pb_row _builder_version=&#8221;4.7.6&#8243; _module_preset=&#8221;default&#8221; max_width=&#8221;700px&#8221; custom_padding=&#8221;2px||4px|||&#8221;][et_pb_column type=&#8221;4_4&#8243; _builder_version=&#8221;4.7.6&#8243; _module_preset=&#8221;default&#8221;][et_pb_button button_url=&#8221;\/lt\/naujienos\/&#8221; button_text=&#8221; Gr\u012f\u017eti \u012f naujien\u0173 puslap\u012f&#8221; module_class=&#8221;btn-back&#8221; _builder_version=&#8221;4.8.2&#8243; _module_preset=&#8221;default&#8221; custom_button=&#8221;on&#8221; button_text_color=&#8221;#001194&#8243; button_bg_color=&#8221;rgba(0,0,0,0)&#8221; button_font=&#8221;||||on||||&#8221; button_icon=&#8221;%%2%%&#8221; button_icon_placement=&#8221;left&#8221; button_on_hover=&#8221;off&#8221; button_text_color__hover_enabled=&#8221;off|hover&#8221; custom_padding__hover_enabled=&#8221;off|desktop&#8221; custom_padding__hover=&#8221;|||59px|false|false&#8221;][\/et_pb_button][\/et_pb_column][\/et_pb_row][\/et_pb_section][et_pb_section fb_built=&#8221;1&#8243; _builder_version=&#8221;4.7.6&#8243; _module_preset=&#8221;default&#8221; background_color=&#8221;#000A54&#8243; custom_padding=&#8221;20vh||20vh||true|false&#8221; global_module=&#8221;2087&#8243;][et_pb_row _builder_version=&#8221;4.7.6&#8243; _module_preset=&#8221;default&#8221; custom_padding=&#8221;0px||0px||true|false&#8221;][et_pb_column type=&#8221;4_4&#8243; _builder_version=&#8221;4.7.6&#8243; _module_preset=&#8221;default&#8221;][et_pb_text _builder_version=&#8221;4.9.0&#8243; _module_preset=&#8221;default&#8221; header_font=&#8221;|700|||||||&#8221; header_text_color=&#8221;#ffffff&#8221; header_font_size=&#8221;46px&#8221; header_line_height=&#8221;2em&#8221; header_2_font=&#8221;|700|||||||&#8221; header_2_text_color=&#8221;#ffffff&#8221; header_2_font_size=&#8221;46px&#8221; header_2_line_height=&#8221;2em&#8221; header_3_font=&#8221;|700|||||||&#8221; header_3_text_align=&#8221;center&#8221; header_3_text_color=&#8221;#ffffff&#8221; header_3_font_size=&#8221;25px&#8221; header_font_tablet=&#8221;&#8221; header_font_phone=&#8221;&#8221; header_font_last_edited=&#8221;on|desktop&#8221; header_line_height_tablet=&#8221;1.8em&#8221; header_line_height_phone=&#8221;1.4em&#8221; header_line_height_last_edited=&#8221;on|phone&#8221; header_2_font_size_tablet=&#8221;&#8221; header_2_font_size_phone=&#8221;32px&#8221; header_2_font_size_last_edited=&#8221;on|phone&#8221; header_3_font_tablet=&#8221;&#8221; header_3_font_phone=&#8221;&#8221; header_3_font_last_edited=&#8221;on|phone&#8221; header_3_line_height_tablet=&#8221;&#8221; header_3_line_height_phone=&#8221;1.8em&#8221; header_3_line_height_last_edited=&#8221;on|phone&#8221;]<\/p>\n<h2 style=\"text-align: center;\">Papasakokite savo verslo istorij\u0105<\/h2>\n<h3 style=\"text-align: center;\">Su faktoringu skol\u0105 paverskite apyvartin\u0117mis l\u0117\u0161omis<\/h3>\n<p>[\/et_pb_text][et_pb_button button_url=&#8221;\/lt\/finansavimo-kriterijai\/&#8221; button_text=&#8221;Pa\u017ei\u016br\u0117kite, ar atitinkate s\u0105lygas&#8221; button_alignment=&#8221;center&#8221; module_class=&#8221;btn-tertiary-2&#8243; _builder_version=&#8221;4.9.0&#8243; _module_preset=&#8221;default&#8221; custom_button=&#8221;on&#8221; button_text_color=&#8221;#ffffff&#8221; button_bg_color=&#8221;rgba(0,0,0,0)&#8221; button_font=&#8221;||||on||||&#8221; button_icon=&#8221;%%3%%&#8221; button_icon_color=&#8221;#ffffff&#8221; button_on_hover=&#8221;off&#8221; custom_margin=&#8221;||20px|||&#8221; custom_padding=&#8221;0px|0px|0px|0px|true|true&#8221;][\/et_pb_button][et_pb_button button_url=&#8221;https:\/\/onboarding.factris.com\/lt\/sign-up&#8221; button_text=&#8221;Finansuokite pirm\u0105j\u0105 s\u0105skait\u0105&#8221; button_alignment=&#8221;center&#8221; _builder_version=&#8221;4.9.0&#8243; _module_preset=&#8221;default&#8221; button_icon=&#8221;%%3%%&#8221; button_icon_color=&#8221;#353540&#8243; button_on_hover=&#8221;off&#8221; custom_margin=&#8221;||18px|||&#8221; custom_padding=&#8221;10px|40px|10px|25px|true|false&#8221; custom_padding__hover_enabled=&#8221;on|hover&#8221; custom_padding__hover=&#8221;|50px|||true|false&#8221;][\/et_pb_button][\/et_pb_column][\/et_pb_row][\/et_pb_section]<\/p>\n","protected":false},"excerpt":{"rendered":"<p>Apie mokes\u010dius verslui Lietuvoje kalbama da\u017enai \u2013 tai ir pagrindinis politik\u0173 diskusij\u0173 objektas, ir verslinink\u0173 bei investuotoj\u0173 r\u016bpestis. Kiekvienas versl\u0105 pradedantis asmuo analizuoja ne tik verslo aplink\u0105, rinkos paklaus\u0105, ta\u010diau vertina ir mokes\u010di\u0173 sistem\u0105. \u0160alyje egzistuoja daugiau nei 20 \u012fvairi\u0173 mokes\u010di\u0173, ir j\u0173 na\u0161ta nelengva. Da\u017enai mokes\u010di\u0173 na\u0161ta apib\u016bdinama kaip vis\u0173 \u0161alies mokes\u010di\u0173 mok\u0117toj\u0173 sumok\u0117t\u0173 [&hellip;]<\/p>\n","protected":false},"author":1,"featured_media":21253,"comment_status":"open","ping_status":"open","sticky":false,"template":"","format":"standard","meta":{"_et_pb_use_builder":"on","_et_pb_old_content":"<!-- wp:paragraph -->\n<p><strong>Advisory board<\/strong><\/p>\n<!-- \/wp:paragraph -->\n\n<!-- wp:paragraph -->\n<p><strong>Brian Reaves <\/strong>Chief Executive Officer<\/p>\n<!-- \/wp:paragraph -->\n\n<!-- wp:paragraph -->\n<p>Serial entrepreneur and investor in the mobile and payments space. Brian was involved in building 21 prior businesses including 15 mobile networks and 4 payment companies.<\/p>\n<!-- \/wp:paragraph -->\n\n<!-- wp:paragraph -->\n<p><strong>Adam Posma <\/strong>Founder and Chief Product Officer of ClubCollect<\/p>\n<!-- \/wp:paragraph -->\n\n<!-- wp:paragraph -->\n<p>Adam founded ClubCollect in 2013 - a provider of membership fee collection services for sports clubs. He started his career in wealth management at BNP Paribas.<\/p>\n<!-- \/wp:paragraph -->\n\n<!-- wp:paragraph -->\n<p><strong>Dr. Tom F. Lesche <\/strong>Principal at Speedinvest<\/p>\n<!-- \/wp:paragraph -->\n\n<!-- wp:paragraph -->\n<p>Tom started his career in investment banking. Most recently, he was a Vice President at Morgan Stanley in London, advising financial technology companies on a variety of capital markets and M&amp;A transactions. At Speedinvest, he solely focuses on investments in European fintech companies.<\/p>\n<!-- \/wp:paragraph -->\n\n<!-- wp:paragraph -->\n<p><strong>Donatas Juodelis <\/strong>Founder of Debifo<\/p>\n<!-- \/wp:paragraph -->\n\n<!-- wp:paragraph -->\n<p>Donatas started his career as a lawyer but quickly moved to entrepreneurship and investments. Co-founded IT company INNTEC, co-founded factoring company Debifo and a couple of other successful startups. In most of the companies, Donatas was responsible for business and corporate development.<\/p>\n<!-- \/wp:paragraph -->\n\n<!-- wp:paragraph -->\n<p><strong>Faisal Hakki <\/strong>Managing director at AB Ventures<\/p>\n<!-- \/wp:paragraph -->\n\n<!-- wp:paragraph -->\n<p>Faisal is Managing Director at AB Ventures, the FinTech focused, early-stage Venture Capital arm of Arab Bank. Prior to joining AB Ventures, Faisal was CEO at Oasis500 \u2013 the leading seed-stage investment fund and accelerator in Jordan. Faisal has also held senior positions at Accelerator Technology Holdings, Arab Advisors Group and Fastlin.<\/p>\n<!-- \/wp:paragraph -->\n\n<!-- wp:paragraph -->\n<p><strong>Brian Reaves <\/strong>Chief Executive Officer<\/p>\n<!-- \/wp:paragraph -->\n\n<!-- wp:paragraph -->\n<p>Serial entrepreneur and investor in the mobile and payments space. Brian was involved in building 21 prior businesses including 15 mobile networks and 4 payment companies.<\/p>\n<!-- \/wp:paragraph -->\n\n<!-- wp:paragraph -->\n<p><strong>Adam Posma <\/strong>Founder and Chief Product Officer of ClubCollect<\/p>\n<!-- \/wp:paragraph -->\n\n<!-- wp:paragraph -->\n<p>Adam founded ClubCollect in 2013 - a provider of membership fee collection services for sports clubs. He started his career in wealth management at BNP Paribas.<\/p>\n<!-- \/wp:paragraph -->\n\n<!-- wp:paragraph -->\n<p><strong>Dr. Tom F. Lesche <\/strong>Principal at Speedinvest<\/p>\n<!-- \/wp:paragraph -->\n\n<!-- wp:paragraph -->\n<p>Tom started his career in investment banking. Most recently, he was a Vice President at Morgan Stanley in London, advising financial technology companies on a variety of capital markets and M&amp;A transactions. At Speedinvest, he solely focuses on investments in European fintech companies.<\/p>\n<!-- \/wp:paragraph -->\n\n<!-- wp:paragraph -->\n<p><strong>Donatas Juodelis <\/strong>Founder of Debifo<\/p>\n<!-- \/wp:paragraph -->\n\n<!-- wp:paragraph -->\n<p>Donatas started his career as a lawyer but quickly moved to entrepreneurship and investments. Co-founded IT company INNTEC, co-founded factoring company Debifo and a couple of other successful startups. In most of the companies, Donatas was responsible for business and corporate development.<\/p>\n<!-- \/wp:paragraph -->\n\n<!-- wp:paragraph -->\n<p><strong>Faisal Hakki <\/strong>Managing director at AB Ventures<\/p>\n<!-- \/wp:paragraph -->\n\n<!-- wp:paragraph -->\n<p>Faisal is Managing Director at AB Ventures, the FinTech focused, early-stage Venture Capital arm of Arab Bank. Prior to joining AB Ventures, Faisal was CEO at Oasis500 \u2013 the leading seed-stage investment fund and accelerator in Jordan. Faisal has also held senior positions at Accelerator Technology Holdings, Arab Advisors Group and Fastlin.<\/p>\n<!-- \/wp:paragraph -->\n\n<!-- wp:paragraph -->\n<p><\/p>\n<!-- \/wp:paragraph -->","_et_gb_content_width":"2880","footnotes":""},"categories":[36],"tags":[48],"yoast_head":"<!-- This site is optimized with the Yoast SEO Premium plugin v22.2 (Yoast SEO v24.5) - https:\/\/yoast.com\/wordpress\/plugins\/seo\/ -->\n<title>Mokes\u010di\u0173 na\u0161ta - problema smulkiam ir vidutiniam verslui<\/title>\n<meta name=\"description\" content=\"Kiekvienas versl\u0105 pradedantis asmuo analizuoja ne tik verslo aplink\u0105, rinkos paklaus\u0105, ta\u010diau vertina ir kokia mokes\u010di\u0173 na\u0161ta gali u\u017eklupti.\" \/>\n<meta name=\"robots\" content=\"index, follow, max-snippet:-1, max-image-preview:large, max-video-preview:-1\" \/>\n<link rel=\"canonical\" href=\"https:\/\/www.factris.com\/lt\/naujienos\/mokesciu-nasta-smulkiam-ir-vidutiniam-verslui\/\" \/>\n<meta property=\"og:locale\" content=\"lt_LT\" \/>\n<meta property=\"og:type\" content=\"article\" \/>\n<meta property=\"og:title\" content=\"Mokes\u010di\u0173 na\u0161ta smulkiam ir vidutiniam verslui\" \/>\n<meta property=\"og:description\" content=\"Kiekvienas versl\u0105 pradedantis asmuo analizuoja ne tik verslo aplink\u0105, rinkos paklaus\u0105, ta\u010diau vertina ir kokia mokes\u010di\u0173 na\u0161ta gali u\u017eklupti.\" \/>\n<meta property=\"og:url\" content=\"https:\/\/www.factris.com\/lt\/naujienos\/mokesciu-nasta-smulkiam-ir-vidutiniam-verslui\/\" \/>\n<meta property=\"og:site_name\" content=\"Factris\" \/>\n<meta property=\"article:publisher\" content=\"https:\/\/www.facebook.com\/factris\" \/>\n<meta property=\"article:published_time\" content=\"2018-05-22T12:34:00+00:00\" \/>\n<meta property=\"article:modified_time\" content=\"2023-01-10T08:51:35+00:00\" \/>\n<meta property=\"og:image\" content=\"https:\/\/www.factris.com\/wp-content\/uploads\/2023\/01\/factris-2018-05-22_Mokesciu-nasta-smulkiam-ir-vidutiniam-verslui.jpg\" \/>\n\t<meta property=\"og:image:width\" content=\"980\" \/>\n\t<meta property=\"og:image:height\" content=\"654\" \/>\n\t<meta property=\"og:image:type\" content=\"image\/jpeg\" \/>\n<meta name=\"author\" content=\"admin\" \/>\n<meta name=\"twitter:card\" content=\"summary_large_image\" \/>\n<meta name=\"twitter:creator\" content=\"@factris\" \/>\n<meta name=\"twitter:site\" content=\"@factris\" \/>\n<meta name=\"twitter:label1\" content=\"Written by\" \/>\n\t<meta name=\"twitter:data1\" content=\"admin\" \/>\n\t<meta name=\"twitter:label2\" content=\"Est. reading time\" \/>\n\t<meta name=\"twitter:data2\" content=\"3 minut\u0117s\" \/>\n<script type=\"application\/ld+json\" class=\"yoast-schema-graph\">{\"@context\":\"https:\/\/schema.org\",\"@graph\":[{\"@type\":\"Article\",\"@id\":\"https:\/\/www.factris.com\/lt\/naujienos\/mokesciu-nasta-smulkiam-ir-vidutiniam-verslui\/#article\",\"isPartOf\":{\"@id\":\"https:\/\/www.factris.com\/lt\/naujienos\/mokesciu-nasta-smulkiam-ir-vidutiniam-verslui\/\"},\"author\":{\"name\":\"admin\",\"@id\":\"https:\/\/www.factris.com\/lt\/#\/schema\/person\/db2fc8db92d6ab893732e14672c33974\"},\"headline\":\"Mokes\u010di\u0173 na\u0161ta smulkiam ir vidutiniam verslui\",\"datePublished\":\"2018-05-22T12:34:00+00:00\",\"dateModified\":\"2023-01-10T08:51:35+00:00\",\"mainEntityOfPage\":{\"@id\":\"https:\/\/www.factris.com\/lt\/naujienos\/mokesciu-nasta-smulkiam-ir-vidutiniam-verslui\/\"},\"wordCount\":1161,\"commentCount\":0,\"publisher\":{\"@id\":\"https:\/\/www.factris.com\/lt\/#organization\"},\"image\":{\"@id\":\"https:\/\/www.factris.com\/lt\/naujienos\/mokesciu-nasta-smulkiam-ir-vidutiniam-verslui\/#primaryimage\"},\"thumbnailUrl\":\"https:\/\/www.factris.com\/wp-content\/uploads\/2023\/01\/factris-2018-05-22_Mokesciu-nasta-smulkiam-ir-vidutiniam-verslui.jpg\",\"keywords\":[\"smulkusis ir vidutinis verslas\"],\"articleSection\":[\"Finansavimo gidas\"],\"inLanguage\":\"lt-LT\"},{\"@type\":\"WebPage\",\"@id\":\"https:\/\/www.factris.com\/lt\/naujienos\/mokesciu-nasta-smulkiam-ir-vidutiniam-verslui\/\",\"url\":\"https:\/\/www.factris.com\/lt\/naujienos\/mokesciu-nasta-smulkiam-ir-vidutiniam-verslui\/\",\"name\":\"Mokes\u010di\u0173 na\u0161ta - problema smulkiam ir vidutiniam verslui\",\"isPartOf\":{\"@id\":\"https:\/\/www.factris.com\/lt\/#website\"},\"primaryImageOfPage\":{\"@id\":\"https:\/\/www.factris.com\/lt\/naujienos\/mokesciu-nasta-smulkiam-ir-vidutiniam-verslui\/#primaryimage\"},\"image\":{\"@id\":\"https:\/\/www.factris.com\/lt\/naujienos\/mokesciu-nasta-smulkiam-ir-vidutiniam-verslui\/#primaryimage\"},\"thumbnailUrl\":\"https:\/\/www.factris.com\/wp-content\/uploads\/2023\/01\/factris-2018-05-22_Mokesciu-nasta-smulkiam-ir-vidutiniam-verslui.jpg\",\"datePublished\":\"2018-05-22T12:34:00+00:00\",\"dateModified\":\"2023-01-10T08:51:35+00:00\",\"description\":\"Kiekvienas versl\u0105 pradedantis asmuo analizuoja ne tik verslo aplink\u0105, rinkos paklaus\u0105, ta\u010diau vertina ir kokia mokes\u010di\u0173 na\u0161ta gali u\u017eklupti.\",\"breadcrumb\":{\"@id\":\"https:\/\/www.factris.com\/lt\/naujienos\/mokesciu-nasta-smulkiam-ir-vidutiniam-verslui\/#breadcrumb\"},\"inLanguage\":\"lt-LT\",\"potentialAction\":[{\"@type\":\"ReadAction\",\"target\":[\"https:\/\/www.factris.com\/lt\/naujienos\/mokesciu-nasta-smulkiam-ir-vidutiniam-verslui\/\"]}]},{\"@type\":\"ImageObject\",\"inLanguage\":\"lt-LT\",\"@id\":\"https:\/\/www.factris.com\/lt\/naujienos\/mokesciu-nasta-smulkiam-ir-vidutiniam-verslui\/#primaryimage\",\"url\":\"https:\/\/www.factris.com\/wp-content\/uploads\/2023\/01\/factris-2018-05-22_Mokesciu-nasta-smulkiam-ir-vidutiniam-verslui.jpg\",\"contentUrl\":\"https:\/\/www.factris.com\/wp-content\/uploads\/2023\/01\/factris-2018-05-22_Mokesciu-nasta-smulkiam-ir-vidutiniam-verslui.jpg\",\"width\":980,\"height\":654},{\"@type\":\"BreadcrumbList\",\"@id\":\"https:\/\/www.factris.com\/lt\/naujienos\/mokesciu-nasta-smulkiam-ir-vidutiniam-verslui\/#breadcrumb\",\"itemListElement\":[{\"@type\":\"ListItem\",\"position\":1,\"name\":\"Home\",\"item\":\"https:\/\/www.factris.com\/lt\/\"},{\"@type\":\"ListItem\",\"position\":2,\"name\":\"Finansavimo gidas\",\"item\":\"https:\/\/www.factris.com\/lt\/category\/finansavimo-gidas\/\"},{\"@type\":\"ListItem\",\"position\":3,\"name\":\"Mokes\u010di\u0173 na\u0161ta smulkiam ir vidutiniam verslui\"}]},{\"@type\":\"WebSite\",\"@id\":\"https:\/\/www.factris.com\/lt\/#website\",\"url\":\"https:\/\/www.factris.com\/lt\/\",\"name\":\"Factris\",\"description\":\"Your invoices. Our financing.\",\"publisher\":{\"@id\":\"https:\/\/www.factris.com\/lt\/#organization\"},\"potentialAction\":[{\"@type\":\"SearchAction\",\"target\":{\"@type\":\"EntryPoint\",\"urlTemplate\":\"https:\/\/www.factris.com\/lt\/?s={search_term_string}\"},\"query-input\":{\"@type\":\"PropertyValueSpecification\",\"valueRequired\":true,\"valueName\":\"search_term_string\"}}],\"inLanguage\":\"lt-LT\"},{\"@type\":\"Organization\",\"@id\":\"https:\/\/www.factris.com\/lt\/#organization\",\"name\":\"Factris Holding B.V.\",\"url\":\"https:\/\/www.factris.com\/lt\/\",\"logo\":{\"@type\":\"ImageObject\",\"inLanguage\":\"lt-LT\",\"@id\":\"https:\/\/www.factris.com\/lt\/#\/schema\/logo\/image\/\",\"url\":\"https:\/\/www.factris.com\/wp-content\/uploads\/2020\/12\/logo-factris-black.png\",\"contentUrl\":\"https:\/\/www.factris.com\/wp-content\/uploads\/2020\/12\/logo-factris-black.png\",\"width\":400,\"height\":73,\"caption\":\"Factris Holding B.V.\"},\"image\":{\"@id\":\"https:\/\/www.factris.com\/lt\/#\/schema\/logo\/image\/\"},\"sameAs\":[\"https:\/\/www.facebook.com\/factris\",\"https:\/\/x.com\/factris\",\"https:\/\/www.instagram.com\/factrisholding\/\",\"https:\/\/www.linkedin.com\/company\/factrisholding\",\"https:\/\/www.youtube.com\/channel\/UCFupqDt-Xo3EaKYGiqJH1nQ\"]},{\"@type\":\"Person\",\"@id\":\"https:\/\/www.factris.com\/lt\/#\/schema\/person\/db2fc8db92d6ab893732e14672c33974\",\"name\":\"admin\",\"image\":{\"@type\":\"ImageObject\",\"inLanguage\":\"lt-LT\",\"@id\":\"https:\/\/www.factris.com\/lt\/#\/schema\/person\/image\/\",\"url\":\"https:\/\/secure.gravatar.com\/avatar\/3433963ca90fbe2d073c8158fa1ae687?s=96&d=mm&r=g\",\"contentUrl\":\"https:\/\/secure.gravatar.com\/avatar\/3433963ca90fbe2d073c8158fa1ae687?s=96&d=mm&r=g\",\"caption\":\"admin\"},\"sameAs\":[\"https:\/\/www.factris.com\"]}]}<\/script>\n<!-- \/ Yoast SEO Premium plugin. -->","yoast_head_json":{"title":"Mokes\u010di\u0173 na\u0161ta - problema smulkiam ir vidutiniam verslui","description":"Kiekvienas versl\u0105 pradedantis asmuo analizuoja ne tik verslo aplink\u0105, rinkos paklaus\u0105, ta\u010diau vertina ir kokia mokes\u010di\u0173 na\u0161ta gali u\u017eklupti.","robots":{"index":"index","follow":"follow","max-snippet":"max-snippet:-1","max-image-preview":"max-image-preview:large","max-video-preview":"max-video-preview:-1"},"canonical":"https:\/\/www.factris.com\/lt\/naujienos\/mokesciu-nasta-smulkiam-ir-vidutiniam-verslui\/","og_locale":"lt_LT","og_type":"article","og_title":"Mokes\u010di\u0173 na\u0161ta smulkiam ir vidutiniam verslui","og_description":"Kiekvienas versl\u0105 pradedantis asmuo analizuoja ne tik verslo aplink\u0105, rinkos paklaus\u0105, ta\u010diau vertina ir kokia mokes\u010di\u0173 na\u0161ta gali u\u017eklupti.","og_url":"https:\/\/www.factris.com\/lt\/naujienos\/mokesciu-nasta-smulkiam-ir-vidutiniam-verslui\/","og_site_name":"Factris","article_publisher":"https:\/\/www.facebook.com\/factris","article_published_time":"2018-05-22T12:34:00+00:00","article_modified_time":"2023-01-10T08:51:35+00:00","og_image":[{"width":980,"height":654,"url":"https:\/\/www.factris.com\/wp-content\/uploads\/2023\/01\/factris-2018-05-22_Mokesciu-nasta-smulkiam-ir-vidutiniam-verslui.jpg","type":"image\/jpeg"}],"author":"admin","twitter_card":"summary_large_image","twitter_creator":"@factris","twitter_site":"@factris","twitter_misc":{"Written by":"admin","Est. reading time":"3 minut\u0117s"},"schema":{"@context":"https:\/\/schema.org","@graph":[{"@type":"Article","@id":"https:\/\/www.factris.com\/lt\/naujienos\/mokesciu-nasta-smulkiam-ir-vidutiniam-verslui\/#article","isPartOf":{"@id":"https:\/\/www.factris.com\/lt\/naujienos\/mokesciu-nasta-smulkiam-ir-vidutiniam-verslui\/"},"author":{"name":"admin","@id":"https:\/\/www.factris.com\/lt\/#\/schema\/person\/db2fc8db92d6ab893732e14672c33974"},"headline":"Mokes\u010di\u0173 na\u0161ta smulkiam ir vidutiniam verslui","datePublished":"2018-05-22T12:34:00+00:00","dateModified":"2023-01-10T08:51:35+00:00","mainEntityOfPage":{"@id":"https:\/\/www.factris.com\/lt\/naujienos\/mokesciu-nasta-smulkiam-ir-vidutiniam-verslui\/"},"wordCount":1161,"commentCount":0,"publisher":{"@id":"https:\/\/www.factris.com\/lt\/#organization"},"image":{"@id":"https:\/\/www.factris.com\/lt\/naujienos\/mokesciu-nasta-smulkiam-ir-vidutiniam-verslui\/#primaryimage"},"thumbnailUrl":"https:\/\/www.factris.com\/wp-content\/uploads\/2023\/01\/factris-2018-05-22_Mokesciu-nasta-smulkiam-ir-vidutiniam-verslui.jpg","keywords":["smulkusis ir vidutinis verslas"],"articleSection":["Finansavimo gidas"],"inLanguage":"lt-LT"},{"@type":"WebPage","@id":"https:\/\/www.factris.com\/lt\/naujienos\/mokesciu-nasta-smulkiam-ir-vidutiniam-verslui\/","url":"https:\/\/www.factris.com\/lt\/naujienos\/mokesciu-nasta-smulkiam-ir-vidutiniam-verslui\/","name":"Mokes\u010di\u0173 na\u0161ta - problema smulkiam ir vidutiniam verslui","isPartOf":{"@id":"https:\/\/www.factris.com\/lt\/#website"},"primaryImageOfPage":{"@id":"https:\/\/www.factris.com\/lt\/naujienos\/mokesciu-nasta-smulkiam-ir-vidutiniam-verslui\/#primaryimage"},"image":{"@id":"https:\/\/www.factris.com\/lt\/naujienos\/mokesciu-nasta-smulkiam-ir-vidutiniam-verslui\/#primaryimage"},"thumbnailUrl":"https:\/\/www.factris.com\/wp-content\/uploads\/2023\/01\/factris-2018-05-22_Mokesciu-nasta-smulkiam-ir-vidutiniam-verslui.jpg","datePublished":"2018-05-22T12:34:00+00:00","dateModified":"2023-01-10T08:51:35+00:00","description":"Kiekvienas versl\u0105 pradedantis asmuo analizuoja ne tik verslo aplink\u0105, rinkos paklaus\u0105, ta\u010diau vertina ir kokia mokes\u010di\u0173 na\u0161ta gali u\u017eklupti.","breadcrumb":{"@id":"https:\/\/www.factris.com\/lt\/naujienos\/mokesciu-nasta-smulkiam-ir-vidutiniam-verslui\/#breadcrumb"},"inLanguage":"lt-LT","potentialAction":[{"@type":"ReadAction","target":["https:\/\/www.factris.com\/lt\/naujienos\/mokesciu-nasta-smulkiam-ir-vidutiniam-verslui\/"]}]},{"@type":"ImageObject","inLanguage":"lt-LT","@id":"https:\/\/www.factris.com\/lt\/naujienos\/mokesciu-nasta-smulkiam-ir-vidutiniam-verslui\/#primaryimage","url":"https:\/\/www.factris.com\/wp-content\/uploads\/2023\/01\/factris-2018-05-22_Mokesciu-nasta-smulkiam-ir-vidutiniam-verslui.jpg","contentUrl":"https:\/\/www.factris.com\/wp-content\/uploads\/2023\/01\/factris-2018-05-22_Mokesciu-nasta-smulkiam-ir-vidutiniam-verslui.jpg","width":980,"height":654},{"@type":"BreadcrumbList","@id":"https:\/\/www.factris.com\/lt\/naujienos\/mokesciu-nasta-smulkiam-ir-vidutiniam-verslui\/#breadcrumb","itemListElement":[{"@type":"ListItem","position":1,"name":"Home","item":"https:\/\/www.factris.com\/lt\/"},{"@type":"ListItem","position":2,"name":"Finansavimo gidas","item":"https:\/\/www.factris.com\/lt\/category\/finansavimo-gidas\/"},{"@type":"ListItem","position":3,"name":"Mokes\u010di\u0173 na\u0161ta smulkiam ir vidutiniam verslui"}]},{"@type":"WebSite","@id":"https:\/\/www.factris.com\/lt\/#website","url":"https:\/\/www.factris.com\/lt\/","name":"Factris","description":"Your invoices. Our financing.","publisher":{"@id":"https:\/\/www.factris.com\/lt\/#organization"},"potentialAction":[{"@type":"SearchAction","target":{"@type":"EntryPoint","urlTemplate":"https:\/\/www.factris.com\/lt\/?s={search_term_string}"},"query-input":{"@type":"PropertyValueSpecification","valueRequired":true,"valueName":"search_term_string"}}],"inLanguage":"lt-LT"},{"@type":"Organization","@id":"https:\/\/www.factris.com\/lt\/#organization","name":"Factris Holding B.V.","url":"https:\/\/www.factris.com\/lt\/","logo":{"@type":"ImageObject","inLanguage":"lt-LT","@id":"https:\/\/www.factris.com\/lt\/#\/schema\/logo\/image\/","url":"https:\/\/www.factris.com\/wp-content\/uploads\/2020\/12\/logo-factris-black.png","contentUrl":"https:\/\/www.factris.com\/wp-content\/uploads\/2020\/12\/logo-factris-black.png","width":400,"height":73,"caption":"Factris Holding B.V."},"image":{"@id":"https:\/\/www.factris.com\/lt\/#\/schema\/logo\/image\/"},"sameAs":["https:\/\/www.facebook.com\/factris","https:\/\/x.com\/factris","https:\/\/www.instagram.com\/factrisholding\/","https:\/\/www.linkedin.com\/company\/factrisholding","https:\/\/www.youtube.com\/channel\/UCFupqDt-Xo3EaKYGiqJH1nQ"]},{"@type":"Person","@id":"https:\/\/www.factris.com\/lt\/#\/schema\/person\/db2fc8db92d6ab893732e14672c33974","name":"admin","image":{"@type":"ImageObject","inLanguage":"lt-LT","@id":"https:\/\/www.factris.com\/lt\/#\/schema\/person\/image\/","url":"https:\/\/secure.gravatar.com\/avatar\/3433963ca90fbe2d073c8158fa1ae687?s=96&d=mm&r=g","contentUrl":"https:\/\/secure.gravatar.com\/avatar\/3433963ca90fbe2d073c8158fa1ae687?s=96&d=mm&r=g","caption":"admin"},"sameAs":["https:\/\/www.factris.com"]}]}},"_links":{"self":[{"href":"https:\/\/www.factris.com\/lt\/wp-json\/wp\/v2\/posts\/6785"}],"collection":[{"href":"https:\/\/www.factris.com\/lt\/wp-json\/wp\/v2\/posts"}],"about":[{"href":"https:\/\/www.factris.com\/lt\/wp-json\/wp\/v2\/types\/post"}],"author":[{"embeddable":true,"href":"https:\/\/www.factris.com\/lt\/wp-json\/wp\/v2\/users\/1"}],"replies":[{"embeddable":true,"href":"https:\/\/www.factris.com\/lt\/wp-json\/wp\/v2\/comments?post=6785"}],"version-history":[{"count":2,"href":"https:\/\/www.factris.com\/lt\/wp-json\/wp\/v2\/posts\/6785\/revisions"}],"predecessor-version":[{"id":21523,"href":"https:\/\/www.factris.com\/lt\/wp-json\/wp\/v2\/posts\/6785\/revisions\/21523"}],"wp:featuredmedia":[{"embeddable":true,"href":"https:\/\/www.factris.com\/lt\/wp-json\/wp\/v2\/media\/21253"}],"wp:attachment":[{"href":"https:\/\/www.factris.com\/lt\/wp-json\/wp\/v2\/media?parent=6785"}],"wp:term":[{"taxonomy":"category","embeddable":true,"href":"https:\/\/www.factris.com\/lt\/wp-json\/wp\/v2\/categories?post=6785"},{"taxonomy":"post_tag","embeddable":true,"href":"https:\/\/www.factris.com\/lt\/wp-json\/wp\/v2\/tags?post=6785"}],"curies":[{"name":"wp","href":"https:\/\/api.w.org\/{rel}","templated":true}]}}