{"id":22082,"date":"2023-02-28T14:54:42","date_gmt":"2023-02-28T14:54:42","guid":{"rendered":"https:\/\/www.factris.com\/?p=22082"},"modified":"2024-08-27T14:23:55","modified_gmt":"2024-08-27T14:23:55","slug":"wzrost-polskiego-eksportu-napawa-optymizmem","status":"publish","type":"post","link":"https:\/\/www.factris.com\/pl\/aktualnosci\/wzrost-polskiego-eksportu-napawa-optymizmem\/","title":{"rendered":"Wzrost polskiego eksportu napawa optymizmem. Ale czy na pewno?"},"content":{"rendered":"<p>[et_pb_section fb_built=&#8221;1&#8243; _builder_version=&#8221;4.16&#8243; _module_preset=&#8221;default&#8221; custom_padding=&#8221;40px|||||&#8221; global_colors_info=&#8221;{}&#8221;][et_pb_row _builder_version=&#8221;4.16&#8243; _module_preset=&#8221;default&#8221; max_width=&#8221;700px&#8221; custom_padding=&#8221;2px||4px|||&#8221; global_colors_info=&#8221;{}&#8221;][et_pb_column type=&#8221;4_4&#8243; _builder_version=&#8221;4.16&#8243; _module_preset=&#8221;default&#8221; global_colors_info=&#8221;{}&#8221;][et_pb_button button_url=&#8221;\/pl\/aktualnosci\/&#8221; button_text=&#8221;Do strony z wiadomo\u015bciami&#8221; module_class=&#8221;btn-back&#8221; _builder_version=&#8221;4.16&#8243; _module_preset=&#8221;default&#8221; custom_button=&#8221;on&#8221; button_text_color=&#8221;#001194&#8243; button_bg_color=&#8221;rgba(0,0,0,0)&#8221; button_font=&#8221;||||on||||&#8221; button_icon=&#8221;&#x23;||divi||400&#8243; button_icon_placement=&#8221;left&#8221; button_on_hover=&#8221;off&#8221; global_colors_info=&#8221;{}&#8221; button_text_color__hover_enabled=&#8221;off|hover&#8221; custom_padding__hover_enabled=&#8221;off|desktop&#8221; custom_padding__hover=&#8221;|||59px|false|false&#8221;][\/et_pb_button][\/et_pb_column][\/et_pb_row][et_pb_row _builder_version=&#8221;4.16&#8243; _module_preset=&#8221;default&#8221; max_width=&#8221;700px&#8221; custom_padding=&#8221;37px|||||&#8221; global_colors_info=&#8221;{}&#8221;][et_pb_column type=&#8221;4_4&#8243; _builder_version=&#8221;4.16&#8243; _module_preset=&#8221;default&#8221; global_colors_info=&#8221;{}&#8221;][et_pb_text _builder_version=&#8221;4.18.0&#8243; _module_preset=&#8221;default&#8221; header_line_height=&#8221;1.4em&#8221; header_2_font=&#8221;|700|||||||&#8221; header_2_text_color=&#8221;#000a54&#8243; header_2_font_size=&#8221;27px&#8221; header_2_line_height=&#8221;1.3em&#8221; header_3_text_color=&#8221;#000a54&#8243; header_3_font_size=&#8221;25px&#8221; header_3_line_height=&#8221;35px&#8221; header_4_text_color=&#8221;#000a54&#8243; header_4_font_size=&#8221;21px&#8221; header_4_line_height=&#8221;29px&#8221; global_colors_info=&#8221;{}&#8221;]<\/p>\n<h5><em>Tomasz Domagalski, Country Manager Factris Polska<\/em><\/h5>\n<p><em><\/em><\/p>\n<h2>Wed\u0142ug wst\u0119pnych danych za 2022 rok eksport polskich towar\u00f3w i us\u0142ug osi\u0105gnie rekordowe ponad 300 mld euro, co oznacza wzrost o ponad 22 proc. w stosunku do warto\u015bci eksportu z 2021 r. Wygl\u0105da to dobrze, ale przy \u015bredniej inflacji w krajach UE w grudniu 2022, kt\u00f3ra wynios\u0142a 10,4 proc., oznacza to de facto wzrost jedynie kilku procent. Dla cz\u0119\u015bci dostawc\u00f3w mo\u017ce to oznacza\u0107 nawet spadek zam\u00f3wie\u0144.<\/h2>\n<p>Rosn\u0105cy eksport, zw\u0142aszcza do kraj\u00f3w Unii Europejskiej nap\u0119dza wzrost zainteresowania <a href=\"https:\/\/www.factris.com\/pl\/faktoring\/\" target=\"_blank\" rel=\"noopener\">faktoringiem<\/a> eksportowym \u2013 z tego tytu\u0142u obroty u polskich faktor\u00f3w by\u0142y o ponad 32 proc.<\/p>\n<p>Wed\u0142ug Krajowej Izby Gospodarczej eksport w 2022 r. wyni\u00f3s\u0142 ponad 300 mld euro, co oznacza wzrost o 22,2 proc. w stosunku do warto\u015bci eksportu z 2021 r. Je\u017celi dane potwierdzi GUS, b\u0119dziemy mogli powiedzie\u0107, \u017ce Polska znajduje si\u0119 w gronie 20. najwi\u0119kszych eksporter\u00f3w towar\u00f3w na \u015bwiecie, za\u015b je\u017celi chodzi o warto\u015b\u0107 eksportu us\u0142ug \u2013 b\u0119dzie to miejsce 26.<\/p>\n<p>Wzrost eksportu nast\u0105pi\u0142 w nietypowym okresie gospodarczym \u2013 z jednej strony \u015bwiatowa ekonomia d\u017awiga si\u0119 po pandemii COVID-19 i odnawia przerwane \u0142a\u0144cuchy dostaw. Na to na\u0142o\u017cy\u0142 si\u0119 wybuch wojny na Ukrainie, czego skutkiem by\u0142 drastyczny spadek polskiego eksportu (g\u0142\u00f3wnie \u017cywno\u015bci) na Bia\u0142oru\u015b i do Rosji. Niestabilno\u015b\u0107 ca\u0142ego regionu powinna wp\u0142yn\u0105\u0107 negatywnie na nasz eksport, jednak\u017ce sta\u0142o si\u0119 inaczej. Wysoka inflacja oraz wysoki kurs dolara windowa\u0142y ceny i zmniejsza\u0142y konkurencj\u0119 z Azji, przez co ros\u0142y obroty w eksporcie.<\/p>\n<p>Analizuj\u0105c dane gospodarcze zawsze zastanawiam si\u0119, na ile np. wzrost eksportu jest spowodowany faktycznym wzrostem sprzeda\u017cy, a na ile jest tymczasow\u0105 anomali\u0105. Teoretycznie 22-procentowy wzrost napawa optymizmem. Zastanawiam si\u0119 jednak, z czego on wynika \u2013 czy z faktycznego wzrostu wolumenu eksportu, promocji polskich towar\u00f3w na rynkach zagranicznych, czy mo\u017ce raczej z bardzo wysokiej inflacji i spadku warto\u015bci z\u0142ot\u00f3wki. <strong>Przy \u015bredniej rocznej unijnej inflacji na poziomie 10,4 proc., a krajowej na poziomie 17 proc. mo\u017ce to oznacza\u0107 realny wzrost na poziomie kilku procent.<\/strong> Ciekaw jestem tak\u017ce, z czego wynika wzrost eksportu i jak jest roz\u0142o\u017cony mi\u0119dzy eksporterami &#8211; czy ka\u017cdy zanotowa\u0142 du\u017ce wzrosty czy to anomalia wywo\u0142ana przez wzrost u kilku wielkich graczy. We\u017amy bowiem pod uwag\u0119, \u017ce 17 proc. polskiego eksportu wygenerowa\u0142o zaledwie 20. firm. Patrz\u0105c na dane og\u00f3lne, mo\u017cemy wtedy wysnu\u0107 b\u0142\u0119dny wniosek, \u017ce wszystkim si\u0119 dobrze wiedzie (i sektorowi enterprise, i M\u015aP). To samo pytanie dotyczy tak\u017ce rynku faktoringu \u2013 czy wzrost obrot\u00f3w faktoringu eksportowego wynika z tego, \u017ce wszyscy rosn\u0105 i korzystaj\u0105 z faktoringu czy to mo\u017ce jedynie wzrosty wywo\u0142any korekt\u0105 cen czy mo\u017ce po prostu 2-3 du\u017ce podmioty znacz\u0105co zaburzaj\u0105 obraz.<\/p>\n<p>Moj\u0105 analiz\u0119 potwierdzaj\u0105 sprawozdania finansowe sp\u00f3\u0142ek. Pierwsz\u0105 pi\u0105tk\u0119 polskich eksporter\u00f3w tworz\u0105: PKN Orlen, KGHM Polska Mied\u017a, Volkswagen Pozna\u0144, PGNiG i Asseco Poland. Opr\u00f3cz PGNiG udzia\u0142 eksportu w sprzeda\u017cy og\u00f3\u0142em tych podmiot\u00f3w wynosi od 75 do 96 proc. Przy czym Orlen zanotowa\u0142 55,5 proc. wzrost sprzeda\u017cy na eksport, a KGHM \u2013 blisko 27 proc.<\/p>\n<p>Ma wzro\u015bcie warto\u015bci polskiego eksportu korzystaj\u0105 firmy faktoringowe. Dane Polskiego Zwi\u0105zku Faktor\u00f3w wskazuj\u0105, \u017ce w 2022 obroty firm faktoringowych, zrzeszonych w PZF wynios\u0142y 100 mld euro wzros\u0142y o 27 proc. Z faktoringu korzystaj\u0105 (kwotowo) g\u0142\u00f3wnie firmy produkcyjne i dystrybucyjne, czyli najwi\u0119ksi eksporterzy \u2013 to \u0142\u0105cznie 81,6 proc. obrot\u00f3w.<\/p>\n<h3><strong>W czym pomaga faktoring eksportowy?<\/strong><\/h3>\n<p><a href=\"https:\/\/www.factris.com\/pl\/\" target=\"_blank\" rel=\"noopener\">Factris<\/a> dostarcza us\u0142ug\u0119 faktoringu eksportowego w euro, kt\u00f3ry jest przeznaczony dla przedsi\u0119biorc\u00f3w sprzedaj\u0105cych swoje produkty i us\u0142ugi za granic\u0119. Faktoring eksportowy w Factris to nie tylko tradycyjna poprawa p\u0142ynno\u015bci. Factris ubezpiecza transakcje, przeprowadzane w euro z kontrahentami z kraj\u00f3w OECD, pomaga w zweryfikowaniu rzetelno\u015bci kontrahenta oraz nawi\u0105zaniu relacji handlowych. Dzi\u0119ki posiadaniu biur w krajach Beneluksu, na Litwie i \u0141otwie, a w najbli\u017cszym czasie tak\u017ce w Estonii i w Niemczech znacz\u0105co pomaga polskim firmom w zaistnieniu na zagranicznych rynkach.<\/p>\n<p>&nbsp;<\/p>\n<p><em><a href=\"https:\/\/biznes.interia.pl\/artykul-sponsorowany\/news-wzrost-polskiego-eksportu-napawa-optymizmem-ale-czy-na-pewno,nId,6597136\" target=\"_blank\" rel=\"noopener\">Interia Biznes (14.02.2023)<\/a><\/em><\/p>\n<p>[\/et_pb_text][et_pb_code _builder_version=&#8221;4.16&#8243; _module_preset=&#8221;default&#8221; global_colors_info=&#8221;{}&#8221;]<script type='application\/ld+json'>{\"@context\":\"https:\/\/schema.org\",\"@type\":\"FAQPage\",\"mainEntity\":[{\"@type\":\"Question\",\"name\":\"De klant betaalt nog steeds niet, wat nu?\",\"acceptedAnswer\":{\"@type\":\"Answer\",\"text\":\"Heb je alle stappen van het debiteurenbeheer doorlopen, de zoveelste herinnering gestuurd en belletje gepleegd, maar de betaling van je factuur laat nog steeds op zich wachten? Dan is het hoog tijd om een incassobureau in te schakelen. Een incassobureau is een partij die namens jou de onbetaalde facturen gaat innen. Op het moment dat je een incassobureau inschakelt komen er extra kosten voor je klant bij kijken. Dit kan vervelend zijn voor je klant-relatie, maar facturen die nooit betaald worden zijn ook niet optimaal.\"}},{\"@type\":\"Question\",\"name\":\"Hoe werkt Factris?\",\"acceptedAnswer\":{\"@type\":\"Answer\",\"text\":\"Appeltje-eitje. Jij maakt jouw factuur en het enige dat je verandert, is het rekeningnummer. Je verkoopt jouw openstaande facturen aan ons en wij maken als de wiedeweerga het geld over. Je opdrachtgever ontvangt de factuur automatisch vanuit ons systeem. Op het moment dat de factuur onbetaald blijft voeren wij het debiteurenbeheer. Je bent direct onderliggend verzekerd tegen onvoorziene problemen zoals wanbetaling en faillissement. Hier hoef je je dus geen zorgen meer om te maken, prettig idee he? Wij zijn open en eerlijk over onze tarieven, zo kom je nooit voor vervelende verrassingen te staan. Daarnaast onderscheid Factris zich met onze persoonlijke dienstverlening. Wij zijn flexibel en leveren maatwerk. Zo kun je als ondernemer zelf bepalen welke factuur jij wel of niet laat aankopen en welke debiteur jij wel of niet onderbrengt. Ook kan je zelf bepalen op welke dag je een factuur laat aankopen, hierdoor kun je de kosten drukken.\"}}]}<\/script><!-- FAQ structured data gegenereerd via https:\/\/smartranking.nl\/tools\/faq-structured-data-generator\/ -->[\/et_pb_code][\/et_pb_column][\/et_pb_row][et_pb_row _builder_version=&#8221;4.16&#8243; _module_preset=&#8221;default&#8221; max_width=&#8221;700px&#8221; custom_padding=&#8221;2px||4px|||&#8221; global_colors_info=&#8221;{}&#8221;][et_pb_column type=&#8221;4_4&#8243; _builder_version=&#8221;4.16&#8243; _module_preset=&#8221;default&#8221; global_colors_info=&#8221;{}&#8221;][et_pb_button button_url=&#8221;\/pl\/aktualnosci\/&#8221; button_text=&#8221;Do strony z wiadomo\u015bciami&#8221; module_class=&#8221;btn-back&#8221; _builder_version=&#8221;4.16&#8243; _module_preset=&#8221;default&#8221; custom_button=&#8221;on&#8221; button_text_color=&#8221;#001194&#8243; button_bg_color=&#8221;rgba(0,0,0,0)&#8221; button_font=&#8221;||||on||||&#8221; button_icon=&#8221;&#x23;||divi||400&#8243; button_icon_placement=&#8221;left&#8221; button_on_hover=&#8221;off&#8221; global_colors_info=&#8221;{}&#8221; button_text_color__hover_enabled=&#8221;off|hover&#8221; custom_padding__hover_enabled=&#8221;off|desktop&#8221; custom_padding__hover=&#8221;|||59px|false|false&#8221;][\/et_pb_button][\/et_pb_column][\/et_pb_row][\/et_pb_section][et_pb_section fb_built=&#8221;1&#8243; _builder_version=&#8221;4.24.0&#8243; _module_preset=&#8221;default&#8221; background_color=&#8221;#000A54&#8243; custom_padding=&#8221;||||true|false&#8221; global_module=&#8221;13957&#8243; saved_tabs=&#8221;all&#8221; global_colors_info=&#8221;{}&#8221;][et_pb_row _builder_version=&#8221;4.24.0&#8243; _module_preset=&#8221;default&#8221; custom_padding=&#8221;||||true|false&#8221; global_colors_info=&#8221;{}&#8221;][et_pb_column type=&#8221;4_4&#8243; _builder_version=&#8221;4.16&#8243; _module_preset=&#8221;default&#8221; global_colors_info=&#8221;{}&#8221;][et_pb_text _builder_version=&#8221;4.16&#8243; _module_preset=&#8221;default&#8221; header_font=&#8221;|700|||||||&#8221; header_text_color=&#8221;#ffffff&#8221; header_line_height=&#8221;2em&#8221; header_2_font=&#8221;|700|||||||&#8221; header_2_text_color=&#8221;#ffffff&#8221; header_2_font_size=&#8221;46px&#8221; header_2_line_height=&#8221;2em&#8221; header_3_font=&#8221;|700|||||||&#8221; header_3_text_align=&#8221;center&#8221; header_3_text_color=&#8221;#ffffff&#8221; header_3_font_size=&#8221;25px&#8221; header_font_tablet=&#8221;&#8221; header_font_phone=&#8221;&#8221; header_font_last_edited=&#8221;on|desktop&#8221; header_line_height_tablet=&#8221;1.8em&#8221; header_line_height_phone=&#8221;1.4em&#8221; header_line_height_last_edited=&#8221;on|phone&#8221; header_2_font_size_tablet=&#8221;&#8221; header_2_font_size_phone=&#8221;32px&#8221; header_2_font_size_last_edited=&#8221;on|tablet&#8221; header_3_font_tablet=&#8221;&#8221; header_3_font_phone=&#8221;&#8221; header_3_font_last_edited=&#8221;on|phone&#8221; header_3_line_height_tablet=&#8221;&#8221; header_3_line_height_phone=&#8221;1.8em&#8221; header_3_line_height_last_edited=&#8221;on|phone&#8221; global_colors_info=&#8221;{}&#8221;]<\/p>\n<h2 style=\"text-align: center;\">Buduj biznes na w\u0142asnych zasadach<\/h2>\n<h3 style=\"text-align: center;\">Zamie\u0144 nale\u017cno\u015bci na kapita\u0142 dzi\u0119ki faktoringowi<\/h3>\n<p>[\/et_pb_text][et_pb_button button_url=&#8221;https:\/\/www.factris.com\/pl\/kryteria\/&#8221; button_text=&#8221;Sprawd\u017a swoje mo\u017cliwo\u015bci&#8221; button_alignment=&#8221;center&#8221; module_class=&#8221;btn-tertiary-2&#8243; _builder_version=&#8221;4.24.0&#8243; _module_preset=&#8221;default&#8221; custom_button=&#8221;on&#8221; button_text_color=&#8221;#ffffff&#8221; button_bg_color=&#8221;rgba(0,0,0,0)&#8221; button_font=&#8221;||||on||||&#8221; button_icon=&#8221;&#x24;||divi||400&#8243; button_icon_color=&#8221;#ffffff&#8221; button_on_hover=&#8221;off&#8221; custom_margin=&#8221;||||false|false&#8221; custom_padding=&#8221;||||true|true&#8221; global_colors_info=&#8221;{}&#8221;][\/et_pb_button][et_pb_button button_url=&#8221;https:\/\/onboarding.factris.com\/pl\/sign-up&#8221; button_text=&#8221;Sfinansuj pierwsz\u0105 faktur\u0119&#8221; button_alignment=&#8221;center&#8221; _builder_version=&#8221;4.24.0&#8243; _module_preset=&#8221;default&#8221; button_icon=&#8221;&#x24;||divi||400&#8243; button_icon_color=&#8221;#353540&#8243; button_on_hover=&#8221;off&#8221; custom_margin=&#8221;||18px|||&#8221; custom_padding=&#8221;10px|40px|10px|28px|true|false&#8221; global_colors_info=&#8221;{}&#8221; custom_padding__hover_enabled=&#8221;on|hover&#8221; custom_padding__hover=&#8221;|50px|||true|false&#8221;][\/et_pb_button][\/et_pb_column][\/et_pb_row][\/et_pb_section]<\/p>\n","protected":false},"excerpt":{"rendered":"<p>Tomasz Domagalski, Country Manager Factris Polska Wed\u0142ug wst\u0119pnych danych za 2022 rok eksport polskich towar\u00f3w i us\u0142ug osi\u0105gnie rekordowe ponad 300 mld euro, co oznacza wzrost o ponad 22 proc. w stosunku do warto\u015bci eksportu z 2021 r. Wygl\u0105da to dobrze, ale przy \u015bredniej inflacji w krajach UE w grudniu 2022, kt\u00f3ra wynios\u0142a 10,4 proc., [&hellip;]<\/p>\n","protected":false},"author":1,"featured_media":22085,"comment_status":"open","ping_status":"open","sticky":false,"template":"","format":"standard","meta":{"_et_pb_use_builder":"on","_et_pb_old_content":"","_et_gb_content_width":"","footnotes":""},"categories":[152],"tags":[],"yoast_head":"<!-- This site is optimized with the Yoast SEO Premium plugin v22.2 (Yoast SEO v24.5) - https:\/\/yoast.com\/wordpress\/plugins\/seo\/ -->\n<title>Wzrost polskiego eksportu napawa optymizmem<\/title>\n<meta name=\"description\" content=\"Wed\u0142ug wst\u0119pnych danych za 2022 rok eksport polskich towar\u00f3w i us\u0142ug osi\u0105gnie rekordowe ponad 300 mld euro.\" \/>\n<meta name=\"robots\" content=\"index, follow, max-snippet:-1, max-image-preview:large, max-video-preview:-1\" \/>\n<link rel=\"canonical\" href=\"https:\/\/www.factris.com\/pl\/aktualnosci\/wzrost-polskiego-eksportu-napawa-optymizmem\/\" \/>\n<meta property=\"og:locale\" content=\"pl_PL\" \/>\n<meta property=\"og:type\" content=\"article\" \/>\n<meta property=\"og:title\" content=\"Wzrost polskiego eksportu napawa optymizmem. Ale czy na pewno?\" \/>\n<meta property=\"og:description\" content=\"Wed\u0142ug wst\u0119pnych danych za 2022 rok eksport polskich towar\u00f3w i us\u0142ug osi\u0105gnie rekordowe ponad 300 mld euro.\" \/>\n<meta property=\"og:url\" content=\"https:\/\/www.factris.com\/pl\/aktualnosci\/wzrost-polskiego-eksportu-napawa-optymizmem\/\" \/>\n<meta property=\"og:site_name\" content=\"Factris\" \/>\n<meta property=\"article:publisher\" content=\"https:\/\/www.facebook.com\/factris\" \/>\n<meta property=\"article:published_time\" content=\"2023-02-28T14:54:42+00:00\" \/>\n<meta property=\"article:modified_time\" content=\"2024-08-27T14:23:55+00:00\" \/>\n<meta property=\"og:image\" content=\"https:\/\/www.factris.com\/wp-content\/uploads\/2023\/02\/Wzrost-polskiego-eksportu-napawa-optymizmem.-Ale-czy-na-pewno_.jpg\" \/>\n\t<meta property=\"og:image:width\" content=\"980\" \/>\n\t<meta property=\"og:image:height\" content=\"654\" \/>\n\t<meta property=\"og:image:type\" content=\"image\/jpeg\" \/>\n<meta name=\"author\" content=\"admin\" \/>\n<meta name=\"twitter:card\" content=\"summary_large_image\" \/>\n<meta name=\"twitter:creator\" content=\"@factris\" \/>\n<meta name=\"twitter:site\" content=\"@factris\" \/>\n<meta name=\"twitter:label1\" content=\"Napisane przez\" \/>\n\t<meta name=\"twitter:data1\" content=\"admin\" \/>\n\t<meta name=\"twitter:label2\" content=\"Szacowany czas czytania\" \/>\n\t<meta name=\"twitter:data2\" content=\"5 minut\" \/>\n<script type=\"application\/ld+json\" class=\"yoast-schema-graph\">{\"@context\":\"https:\/\/schema.org\",\"@graph\":[{\"@type\":\"Article\",\"@id\":\"https:\/\/www.factris.com\/pl\/aktualnosci\/wzrost-polskiego-eksportu-napawa-optymizmem\/#article\",\"isPartOf\":{\"@id\":\"https:\/\/www.factris.com\/pl\/aktualnosci\/wzrost-polskiego-eksportu-napawa-optymizmem\/\"},\"author\":{\"name\":\"admin\",\"@id\":\"https:\/\/www.factris.com\/pl\/#\/schema\/person\/db2fc8db92d6ab893732e14672c33974\"},\"headline\":\"Wzrost polskiego eksportu napawa optymizmem. Ale czy na pewno?\",\"datePublished\":\"2023-02-28T14:54:42+00:00\",\"dateModified\":\"2024-08-27T14:23:55+00:00\",\"mainEntityOfPage\":{\"@id\":\"https:\/\/www.factris.com\/pl\/aktualnosci\/wzrost-polskiego-eksportu-napawa-optymizmem\/\"},\"wordCount\":1362,\"commentCount\":0,\"publisher\":{\"@id\":\"https:\/\/www.factris.com\/pl\/#organization\"},\"image\":{\"@id\":\"https:\/\/www.factris.com\/pl\/aktualnosci\/wzrost-polskiego-eksportu-napawa-optymizmem\/#primaryimage\"},\"thumbnailUrl\":\"https:\/\/www.factris.com\/wp-content\/uploads\/2023\/02\/Wzrost-polskiego-eksportu-napawa-optymizmem.-Ale-czy-na-pewno_.jpg\",\"articleSection\":[\"Faktoring\"],\"inLanguage\":\"pl-PL\"},{\"@type\":\"WebPage\",\"@id\":\"https:\/\/www.factris.com\/pl\/aktualnosci\/wzrost-polskiego-eksportu-napawa-optymizmem\/\",\"url\":\"https:\/\/www.factris.com\/pl\/aktualnosci\/wzrost-polskiego-eksportu-napawa-optymizmem\/\",\"name\":\"Wzrost polskiego eksportu napawa optymizmem\",\"isPartOf\":{\"@id\":\"https:\/\/www.factris.com\/pl\/#website\"},\"primaryImageOfPage\":{\"@id\":\"https:\/\/www.factris.com\/pl\/aktualnosci\/wzrost-polskiego-eksportu-napawa-optymizmem\/#primaryimage\"},\"image\":{\"@id\":\"https:\/\/www.factris.com\/pl\/aktualnosci\/wzrost-polskiego-eksportu-napawa-optymizmem\/#primaryimage\"},\"thumbnailUrl\":\"https:\/\/www.factris.com\/wp-content\/uploads\/2023\/02\/Wzrost-polskiego-eksportu-napawa-optymizmem.-Ale-czy-na-pewno_.jpg\",\"datePublished\":\"2023-02-28T14:54:42+00:00\",\"dateModified\":\"2024-08-27T14:23:55+00:00\",\"description\":\"Wed\u0142ug wst\u0119pnych danych za 2022 rok eksport polskich towar\u00f3w i us\u0142ug osi\u0105gnie rekordowe ponad 300 mld euro.\",\"breadcrumb\":{\"@id\":\"https:\/\/www.factris.com\/pl\/aktualnosci\/wzrost-polskiego-eksportu-napawa-optymizmem\/#breadcrumb\"},\"inLanguage\":\"pl-PL\",\"potentialAction\":[{\"@type\":\"ReadAction\",\"target\":[\"https:\/\/www.factris.com\/pl\/aktualnosci\/wzrost-polskiego-eksportu-napawa-optymizmem\/\"]}]},{\"@type\":\"ImageObject\",\"inLanguage\":\"pl-PL\",\"@id\":\"https:\/\/www.factris.com\/pl\/aktualnosci\/wzrost-polskiego-eksportu-napawa-optymizmem\/#primaryimage\",\"url\":\"https:\/\/www.factris.com\/wp-content\/uploads\/2023\/02\/Wzrost-polskiego-eksportu-napawa-optymizmem.-Ale-czy-na-pewno_.jpg\",\"contentUrl\":\"https:\/\/www.factris.com\/wp-content\/uploads\/2023\/02\/Wzrost-polskiego-eksportu-napawa-optymizmem.-Ale-czy-na-pewno_.jpg\",\"width\":980,\"height\":654},{\"@type\":\"BreadcrumbList\",\"@id\":\"https:\/\/www.factris.com\/pl\/aktualnosci\/wzrost-polskiego-eksportu-napawa-optymizmem\/#breadcrumb\",\"itemListElement\":[{\"@type\":\"ListItem\",\"position\":1,\"name\":\"Home\",\"item\":\"https:\/\/www.factris.com\/pl\/\"},{\"@type\":\"ListItem\",\"position\":2,\"name\":\"Faktoring\",\"item\":\"https:\/\/www.factris.com\/pl\/category\/faktoring-aktualnosci\/\"},{\"@type\":\"ListItem\",\"position\":3,\"name\":\"Wzrost polskiego eksportu napawa optymizmem. Ale czy na pewno?\"}]},{\"@type\":\"WebSite\",\"@id\":\"https:\/\/www.factris.com\/pl\/#website\",\"url\":\"https:\/\/www.factris.com\/pl\/\",\"name\":\"Factris\",\"description\":\"Your invoices. Our financing.\",\"publisher\":{\"@id\":\"https:\/\/www.factris.com\/pl\/#organization\"},\"potentialAction\":[{\"@type\":\"SearchAction\",\"target\":{\"@type\":\"EntryPoint\",\"urlTemplate\":\"https:\/\/www.factris.com\/pl\/?s={search_term_string}\"},\"query-input\":{\"@type\":\"PropertyValueSpecification\",\"valueRequired\":true,\"valueName\":\"search_term_string\"}}],\"inLanguage\":\"pl-PL\"},{\"@type\":\"Organization\",\"@id\":\"https:\/\/www.factris.com\/pl\/#organization\",\"name\":\"Factris Holding B.V.\",\"url\":\"https:\/\/www.factris.com\/pl\/\",\"logo\":{\"@type\":\"ImageObject\",\"inLanguage\":\"pl-PL\",\"@id\":\"https:\/\/www.factris.com\/pl\/#\/schema\/logo\/image\/\",\"url\":\"https:\/\/www.factris.com\/wp-content\/uploads\/2020\/12\/logo-factris-black.png\",\"contentUrl\":\"https:\/\/www.factris.com\/wp-content\/uploads\/2020\/12\/logo-factris-black.png\",\"width\":400,\"height\":73,\"caption\":\"Factris Holding B.V.\"},\"image\":{\"@id\":\"https:\/\/www.factris.com\/pl\/#\/schema\/logo\/image\/\"},\"sameAs\":[\"https:\/\/www.facebook.com\/factris\",\"https:\/\/x.com\/factris\",\"https:\/\/www.instagram.com\/factrisholding\/\",\"https:\/\/www.linkedin.com\/company\/factrisholding\",\"https:\/\/www.youtube.com\/channel\/UCFupqDt-Xo3EaKYGiqJH1nQ\"]},{\"@type\":\"Person\",\"@id\":\"https:\/\/www.factris.com\/pl\/#\/schema\/person\/db2fc8db92d6ab893732e14672c33974\",\"name\":\"admin\",\"image\":{\"@type\":\"ImageObject\",\"inLanguage\":\"pl-PL\",\"@id\":\"https:\/\/www.factris.com\/pl\/#\/schema\/person\/image\/\",\"url\":\"https:\/\/secure.gravatar.com\/avatar\/3433963ca90fbe2d073c8158fa1ae687?s=96&d=mm&r=g\",\"contentUrl\":\"https:\/\/secure.gravatar.com\/avatar\/3433963ca90fbe2d073c8158fa1ae687?s=96&d=mm&r=g\",\"caption\":\"admin\"},\"sameAs\":[\"https:\/\/www.factris.com\"]}]}<\/script>\n<!-- \/ Yoast SEO Premium plugin. -->","yoast_head_json":{"title":"Wzrost polskiego eksportu napawa optymizmem","description":"Wed\u0142ug wst\u0119pnych danych za 2022 rok eksport polskich towar\u00f3w i us\u0142ug osi\u0105gnie rekordowe ponad 300 mld euro.","robots":{"index":"index","follow":"follow","max-snippet":"max-snippet:-1","max-image-preview":"max-image-preview:large","max-video-preview":"max-video-preview:-1"},"canonical":"https:\/\/www.factris.com\/pl\/aktualnosci\/wzrost-polskiego-eksportu-napawa-optymizmem\/","og_locale":"pl_PL","og_type":"article","og_title":"Wzrost polskiego eksportu napawa optymizmem. Ale czy na pewno?","og_description":"Wed\u0142ug wst\u0119pnych danych za 2022 rok eksport polskich towar\u00f3w i us\u0142ug osi\u0105gnie rekordowe ponad 300 mld euro.","og_url":"https:\/\/www.factris.com\/pl\/aktualnosci\/wzrost-polskiego-eksportu-napawa-optymizmem\/","og_site_name":"Factris","article_publisher":"https:\/\/www.facebook.com\/factris","article_published_time":"2023-02-28T14:54:42+00:00","article_modified_time":"2024-08-27T14:23:55+00:00","og_image":[{"width":980,"height":654,"url":"https:\/\/www.factris.com\/wp-content\/uploads\/2023\/02\/Wzrost-polskiego-eksportu-napawa-optymizmem.-Ale-czy-na-pewno_.jpg","type":"image\/jpeg"}],"author":"admin","twitter_card":"summary_large_image","twitter_creator":"@factris","twitter_site":"@factris","twitter_misc":{"Napisane przez":"admin","Szacowany czas czytania":"5 minut"},"schema":{"@context":"https:\/\/schema.org","@graph":[{"@type":"Article","@id":"https:\/\/www.factris.com\/pl\/aktualnosci\/wzrost-polskiego-eksportu-napawa-optymizmem\/#article","isPartOf":{"@id":"https:\/\/www.factris.com\/pl\/aktualnosci\/wzrost-polskiego-eksportu-napawa-optymizmem\/"},"author":{"name":"admin","@id":"https:\/\/www.factris.com\/pl\/#\/schema\/person\/db2fc8db92d6ab893732e14672c33974"},"headline":"Wzrost polskiego eksportu napawa optymizmem. Ale czy na pewno?","datePublished":"2023-02-28T14:54:42+00:00","dateModified":"2024-08-27T14:23:55+00:00","mainEntityOfPage":{"@id":"https:\/\/www.factris.com\/pl\/aktualnosci\/wzrost-polskiego-eksportu-napawa-optymizmem\/"},"wordCount":1362,"commentCount":0,"publisher":{"@id":"https:\/\/www.factris.com\/pl\/#organization"},"image":{"@id":"https:\/\/www.factris.com\/pl\/aktualnosci\/wzrost-polskiego-eksportu-napawa-optymizmem\/#primaryimage"},"thumbnailUrl":"https:\/\/www.factris.com\/wp-content\/uploads\/2023\/02\/Wzrost-polskiego-eksportu-napawa-optymizmem.-Ale-czy-na-pewno_.jpg","articleSection":["Faktoring"],"inLanguage":"pl-PL"},{"@type":"WebPage","@id":"https:\/\/www.factris.com\/pl\/aktualnosci\/wzrost-polskiego-eksportu-napawa-optymizmem\/","url":"https:\/\/www.factris.com\/pl\/aktualnosci\/wzrost-polskiego-eksportu-napawa-optymizmem\/","name":"Wzrost polskiego eksportu napawa optymizmem","isPartOf":{"@id":"https:\/\/www.factris.com\/pl\/#website"},"primaryImageOfPage":{"@id":"https:\/\/www.factris.com\/pl\/aktualnosci\/wzrost-polskiego-eksportu-napawa-optymizmem\/#primaryimage"},"image":{"@id":"https:\/\/www.factris.com\/pl\/aktualnosci\/wzrost-polskiego-eksportu-napawa-optymizmem\/#primaryimage"},"thumbnailUrl":"https:\/\/www.factris.com\/wp-content\/uploads\/2023\/02\/Wzrost-polskiego-eksportu-napawa-optymizmem.-Ale-czy-na-pewno_.jpg","datePublished":"2023-02-28T14:54:42+00:00","dateModified":"2024-08-27T14:23:55+00:00","description":"Wed\u0142ug wst\u0119pnych danych za 2022 rok eksport polskich towar\u00f3w i us\u0142ug osi\u0105gnie rekordowe ponad 300 mld euro.","breadcrumb":{"@id":"https:\/\/www.factris.com\/pl\/aktualnosci\/wzrost-polskiego-eksportu-napawa-optymizmem\/#breadcrumb"},"inLanguage":"pl-PL","potentialAction":[{"@type":"ReadAction","target":["https:\/\/www.factris.com\/pl\/aktualnosci\/wzrost-polskiego-eksportu-napawa-optymizmem\/"]}]},{"@type":"ImageObject","inLanguage":"pl-PL","@id":"https:\/\/www.factris.com\/pl\/aktualnosci\/wzrost-polskiego-eksportu-napawa-optymizmem\/#primaryimage","url":"https:\/\/www.factris.com\/wp-content\/uploads\/2023\/02\/Wzrost-polskiego-eksportu-napawa-optymizmem.-Ale-czy-na-pewno_.jpg","contentUrl":"https:\/\/www.factris.com\/wp-content\/uploads\/2023\/02\/Wzrost-polskiego-eksportu-napawa-optymizmem.-Ale-czy-na-pewno_.jpg","width":980,"height":654},{"@type":"BreadcrumbList","@id":"https:\/\/www.factris.com\/pl\/aktualnosci\/wzrost-polskiego-eksportu-napawa-optymizmem\/#breadcrumb","itemListElement":[{"@type":"ListItem","position":1,"name":"Home","item":"https:\/\/www.factris.com\/pl\/"},{"@type":"ListItem","position":2,"name":"Faktoring","item":"https:\/\/www.factris.com\/pl\/category\/faktoring-aktualnosci\/"},{"@type":"ListItem","position":3,"name":"Wzrost polskiego eksportu napawa optymizmem. Ale czy na pewno?"}]},{"@type":"WebSite","@id":"https:\/\/www.factris.com\/pl\/#website","url":"https:\/\/www.factris.com\/pl\/","name":"Factris","description":"Your invoices. Our financing.","publisher":{"@id":"https:\/\/www.factris.com\/pl\/#organization"},"potentialAction":[{"@type":"SearchAction","target":{"@type":"EntryPoint","urlTemplate":"https:\/\/www.factris.com\/pl\/?s={search_term_string}"},"query-input":{"@type":"PropertyValueSpecification","valueRequired":true,"valueName":"search_term_string"}}],"inLanguage":"pl-PL"},{"@type":"Organization","@id":"https:\/\/www.factris.com\/pl\/#organization","name":"Factris Holding B.V.","url":"https:\/\/www.factris.com\/pl\/","logo":{"@type":"ImageObject","inLanguage":"pl-PL","@id":"https:\/\/www.factris.com\/pl\/#\/schema\/logo\/image\/","url":"https:\/\/www.factris.com\/wp-content\/uploads\/2020\/12\/logo-factris-black.png","contentUrl":"https:\/\/www.factris.com\/wp-content\/uploads\/2020\/12\/logo-factris-black.png","width":400,"height":73,"caption":"Factris Holding B.V."},"image":{"@id":"https:\/\/www.factris.com\/pl\/#\/schema\/logo\/image\/"},"sameAs":["https:\/\/www.facebook.com\/factris","https:\/\/x.com\/factris","https:\/\/www.instagram.com\/factrisholding\/","https:\/\/www.linkedin.com\/company\/factrisholding","https:\/\/www.youtube.com\/channel\/UCFupqDt-Xo3EaKYGiqJH1nQ"]},{"@type":"Person","@id":"https:\/\/www.factris.com\/pl\/#\/schema\/person\/db2fc8db92d6ab893732e14672c33974","name":"admin","image":{"@type":"ImageObject","inLanguage":"pl-PL","@id":"https:\/\/www.factris.com\/pl\/#\/schema\/person\/image\/","url":"https:\/\/secure.gravatar.com\/avatar\/3433963ca90fbe2d073c8158fa1ae687?s=96&d=mm&r=g","contentUrl":"https:\/\/secure.gravatar.com\/avatar\/3433963ca90fbe2d073c8158fa1ae687?s=96&d=mm&r=g","caption":"admin"},"sameAs":["https:\/\/www.factris.com"]}]}},"_links":{"self":[{"href":"https:\/\/www.factris.com\/pl\/wp-json\/wp\/v2\/posts\/22082"}],"collection":[{"href":"https:\/\/www.factris.com\/pl\/wp-json\/wp\/v2\/posts"}],"about":[{"href":"https:\/\/www.factris.com\/pl\/wp-json\/wp\/v2\/types\/post"}],"author":[{"embeddable":true,"href":"https:\/\/www.factris.com\/pl\/wp-json\/wp\/v2\/users\/1"}],"replies":[{"embeddable":true,"href":"https:\/\/www.factris.com\/pl\/wp-json\/wp\/v2\/comments?post=22082"}],"version-history":[{"count":9,"href":"https:\/\/www.factris.com\/pl\/wp-json\/wp\/v2\/posts\/22082\/revisions"}],"predecessor-version":[{"id":33086,"href":"https:\/\/www.factris.com\/pl\/wp-json\/wp\/v2\/posts\/22082\/revisions\/33086"}],"wp:featuredmedia":[{"embeddable":true,"href":"https:\/\/www.factris.com\/pl\/wp-json\/wp\/v2\/media\/22085"}],"wp:attachment":[{"href":"https:\/\/www.factris.com\/pl\/wp-json\/wp\/v2\/media?parent=22082"}],"wp:term":[{"taxonomy":"category","embeddable":true,"href":"https:\/\/www.factris.com\/pl\/wp-json\/wp\/v2\/categories?post=22082"},{"taxonomy":"post_tag","embeddable":true,"href":"https:\/\/www.factris.com\/pl\/wp-json\/wp\/v2\/tags?post=22082"}],"curies":[{"name":"wp","href":"https:\/\/api.w.org\/{rel}","templated":true}]}}